
{"id":1639,"date":"2024-03-24T16:00:54","date_gmt":"2024-03-24T15:00:54","guid":{"rendered":"https:\/\/www.toutsurfroment.fr\/VERSION4\/?p=1639"},"modified":"2024-03-24T16:06:41","modified_gmt":"2024-03-24T15:06:41","slug":"presentation-du-prix-lyceen-de-ses-a-la-mediatheque","status":"publish","type":"post","link":"https:\/\/www.toutsurfroment.fr\/VERSION4\/index.php\/2024\/03\/24\/presentation-du-prix-lyceen-de-ses-a-la-mediatheque\/","title":{"rendered":"Pr\u00e9sentation du prix lyc\u00e9en de SES \u00e0 la m\u00e9diath\u00e8que\u00a0\u00a0\u00a0\u00a0"},"content":{"rendered":"\n<p>Des \u00e9l\u00e8ves du Lyc\u00e9e Jules Froment pr\u00e9senteront au public, \u00e0 la m\u00e9diath\u00e8que Jean Ferrat, samedi 30 mars \u00e0 15h les ouvrages du \u00ab&nbsp;Prix lyc\u00e9en du livre de SES&nbsp;\u00bb (sciences \u00e9conomiques et sociales) de cette ann\u00e9e.<\/p>\n\n\n\n<p>&nbsp;&nbsp;&nbsp;&nbsp;&nbsp;&nbsp;&nbsp;&nbsp;&nbsp;&nbsp;&nbsp; Ce prix qui existe depuis 2000, est coordonn\u00e9 \u00e0 l\u2019\u00e9chelle nationale par deux professeurs de SES&nbsp;: Fabien Meynier, professeur au lyc\u00e9e Jules Froment \u00e0 Aubenas et Fr\u00e9d\u00e9ric Desmedt, professeur au Lyc\u00e9e Viollet-le-Duc \u00e0 Villiers-Saint-Fr\u00e9d\u00e9ric (Yvelines).<\/p>\n\n\n\n<p>8 ouvrages ont \u00e9t\u00e9 s\u00e9lectionn\u00e9s par les magazines <em>Alternatives \u00e9conomiques <\/em>et <em>Sciences Humaines<\/em>, ainsi que la sociologue Dominique Meda et l\u2019\u00e9conomiste J\u00e9zabel Couppey-Soubeyrand.<\/p>\n\n\n\n<p>&nbsp;&nbsp;&nbsp;&nbsp;&nbsp;&nbsp;&nbsp;&nbsp;&nbsp;&nbsp;&nbsp; Parmi la s\u00e9lection 2023-24 figure <em>La lettre Mansholt,<\/em> lettre ouverte de Sicco Mansholt, vice-pr\u00e9sident de la Commission europ\u00e9enne charg\u00e9 de l\u2019agriculture qui alertait d\u00e9j\u00e0 en 1972 sur les dangers d\u2019une consommation illimit\u00e9e de biens mat\u00e9riels. On trouve \u00e9galement l\u2019ouvrage de T. Piketty <em>Capital et id\u00e9ologie <\/em>en bande dessin\u00e9e, ainsi que <em>L&#8217;\u00e9conomie et les sciences sociales selon Picsou<\/em> de Thierry Rogel.<\/p>\n\n\n\n<p>&nbsp;&nbsp;&nbsp;&nbsp;&nbsp;&nbsp;&nbsp;&nbsp;&nbsp;&nbsp;&nbsp; Venez d\u00e9couvrir les ouvrages \u00e0 travers la pr\u00e9sentation des \u00e9l\u00e8ves, vous pourrez emprunter l\u2019un de ces livres \u00e0 la m\u00e9diath\u00e8que&nbsp;!<\/p>\n\n\n\n<p class=\"has-text-align-right\"><strong><em>Fabien Meynier et Christelle Raoux<\/em><\/strong><\/p>\n\n\n\n<figure class=\"wp-block-image size-full\"><img loading=\"lazy\" decoding=\"async\" width=\"640\" height=\"905\" src=\"https:\/\/www.toutsurfroment.fr\/VERSION4\/wp-content\/uploads\/2024\/03\/Affiche2.png\" alt=\"\" class=\"wp-image-1644\" srcset=\"https:\/\/www.toutsurfroment.fr\/VERSION4\/wp-content\/uploads\/2024\/03\/Affiche2.png 640w, https:\/\/www.toutsurfroment.fr\/VERSION4\/wp-content\/uploads\/2024\/03\/Affiche2-212x300.png 212w\" sizes=\"auto, (max-width: 640px) 100vw, 640px\" \/><\/figure>\n","protected":false},"excerpt":{"rendered":"<p>Rencontre le Samedi 30 mars avec le public \u00e0 la m\u00e9diath\u00e8que Jean Ferrat autour des livres de SES<\/p>\n","protected":false},"author":1,"featured_media":1642,"comment_status":"open","ping_status":"open","sticky":false,"template":"","format":"standard","meta":{"footnotes":""},"categories":[35,1],"tags":[],"class_list":["post-1639","post","type-post","status-publish","format-standard","has-post-thumbnail","hentry","category-a-la-une","category-non-classe"],"yoast_head":"<!-- This site is optimized with the Yoast SEO plugin v24.5 - https:\/\/yoast.com\/wordpress\/plugins\/seo\/ -->\n<title>Pr\u00e9sentation du prix lyc\u00e9en de SES \u00e0 la m\u00e9diath\u00e8que\u00a0\u00a0\u00a0\u00a0 - TSF<\/title>\n<meta name=\"robots\" content=\"index, follow, max-snippet:-1, max-image-preview:large, max-video-preview:-1\" \/>\n<link rel=\"canonical\" href=\"https:\/\/www.toutsurfroment.fr\/VERSION4\/index.php\/2024\/03\/24\/presentation-du-prix-lyceen-de-ses-a-la-mediatheque\/\" \/>\n<meta property=\"og:locale\" content=\"fr_FR\" \/>\n<meta property=\"og:type\" content=\"article\" \/>\n<meta property=\"og:title\" content=\"Pr\u00e9sentation du prix lyc\u00e9en de SES \u00e0 la m\u00e9diath\u00e8que\u00a0\u00a0\u00a0\u00a0 - TSF\" \/>\n<meta property=\"og:description\" content=\"Rencontre le Samedi 30 mars avec le public \u00e0 la m\u00e9diath\u00e8que Jean Ferrat autour des livres de SES\" \/>\n<meta property=\"og:url\" content=\"https:\/\/www.toutsurfroment.fr\/VERSION4\/index.php\/2024\/03\/24\/presentation-du-prix-lyceen-de-ses-a-la-mediatheque\/\" \/>\n<meta property=\"og:site_name\" content=\"TSF\" \/>\n<meta property=\"article:publisher\" content=\"https:\/\/www.facebook.com\/profile.php?id=100087797830804\" \/>\n<meta property=\"article:published_time\" content=\"2024-03-24T15:00:54+00:00\" \/>\n<meta property=\"article:modified_time\" content=\"2024-03-24T15:06:41+00:00\" \/>\n<meta property=\"og:image\" content=\"https:\/\/www.toutsurfroment.fr\/VERSION4\/wp-content\/uploads\/2024\/03\/Prix-Lyceen.png\" \/>\n\t<meta property=\"og:image:width\" content=\"960\" \/>\n\t<meta property=\"og:image:height\" content=\"640\" \/>\n\t<meta property=\"og:image:type\" content=\"image\/png\" \/>\n<meta name=\"author\" content=\"EP\" \/>\n<meta name=\"twitter:card\" content=\"summary_large_image\" \/>\n<meta name=\"twitter:label1\" content=\"\u00c9crit par\" \/>\n\t<meta name=\"twitter:data1\" content=\"EP\" \/>\n\t<meta name=\"twitter:label2\" content=\"Dur\u00e9e de lecture estim\u00e9e\" \/>\n\t<meta name=\"twitter:data2\" content=\"2 minutes\" \/>\n<script type=\"application\/ld+json\" class=\"yoast-schema-graph\">{\"@context\":\"https:\/\/schema.org\",\"@graph\":[{\"@type\":\"Article\",\"@id\":\"https:\/\/www.toutsurfroment.fr\/VERSION4\/index.php\/2024\/03\/24\/presentation-du-prix-lyceen-de-ses-a-la-mediatheque\/#article\",\"isPartOf\":{\"@id\":\"https:\/\/www.toutsurfroment.fr\/VERSION4\/index.php\/2024\/03\/24\/presentation-du-prix-lyceen-de-ses-a-la-mediatheque\/\"},\"author\":{\"name\":\"EP\",\"@id\":\"https:\/\/www.toutsurfroment.fr\/VERSION4\/#\/schema\/person\/a697672b7f255e14b65903c6200e6bce\"},\"headline\":\"Pr\u00e9sentation du prix lyc\u00e9en de SES \u00e0 la m\u00e9diath\u00e8que\u00a0\u00a0\u00a0\u00a0\",\"datePublished\":\"2024-03-24T15:00:54+00:00\",\"dateModified\":\"2024-03-24T15:06:41+00:00\",\"mainEntityOfPage\":{\"@id\":\"https:\/\/www.toutsurfroment.fr\/VERSION4\/index.php\/2024\/03\/24\/presentation-du-prix-lyceen-de-ses-a-la-mediatheque\/\"},\"wordCount\":252,\"commentCount\":0,\"publisher\":{\"@id\":\"https:\/\/www.toutsurfroment.fr\/VERSION4\/#organization\"},\"image\":{\"@id\":\"https:\/\/www.toutsurfroment.fr\/VERSION4\/index.php\/2024\/03\/24\/presentation-du-prix-lyceen-de-ses-a-la-mediatheque\/#primaryimage\"},\"thumbnailUrl\":\"https:\/\/www.toutsurfroment.fr\/VERSION4\/wp-content\/uploads\/2024\/03\/Prix-Lyceen.png\",\"articleSection\":[\"A la Une\"],\"inLanguage\":\"fr-FR\",\"potentialAction\":[{\"@type\":\"CommentAction\",\"name\":\"Comment\",\"target\":[\"https:\/\/www.toutsurfroment.fr\/VERSION4\/index.php\/2024\/03\/24\/presentation-du-prix-lyceen-de-ses-a-la-mediatheque\/#respond\"]}]},{\"@type\":\"WebPage\",\"@id\":\"https:\/\/www.toutsurfroment.fr\/VERSION4\/index.php\/2024\/03\/24\/presentation-du-prix-lyceen-de-ses-a-la-mediatheque\/\",\"url\":\"https:\/\/www.toutsurfroment.fr\/VERSION4\/index.php\/2024\/03\/24\/presentation-du-prix-lyceen-de-ses-a-la-mediatheque\/\",\"name\":\"Pr\u00e9sentation du prix lyc\u00e9en de SES \u00e0 la m\u00e9diath\u00e8que\u00a0\u00a0\u00a0\u00a0 - TSF\",\"isPartOf\":{\"@id\":\"https:\/\/www.toutsurfroment.fr\/VERSION4\/#website\"},\"primaryImageOfPage\":{\"@id\":\"https:\/\/www.toutsurfroment.fr\/VERSION4\/index.php\/2024\/03\/24\/presentation-du-prix-lyceen-de-ses-a-la-mediatheque\/#primaryimage\"},\"image\":{\"@id\":\"https:\/\/www.toutsurfroment.fr\/VERSION4\/index.php\/2024\/03\/24\/presentation-du-prix-lyceen-de-ses-a-la-mediatheque\/#primaryimage\"},\"thumbnailUrl\":\"https:\/\/www.toutsurfroment.fr\/VERSION4\/wp-content\/uploads\/2024\/03\/Prix-Lyceen.png\",\"datePublished\":\"2024-03-24T15:00:54+00:00\",\"dateModified\":\"2024-03-24T15:06:41+00:00\",\"breadcrumb\":{\"@id\":\"https:\/\/www.toutsurfroment.fr\/VERSION4\/index.php\/2024\/03\/24\/presentation-du-prix-lyceen-de-ses-a-la-mediatheque\/#breadcrumb\"},\"inLanguage\":\"fr-FR\",\"potentialAction\":[{\"@type\":\"ReadAction\",\"target\":[\"https:\/\/www.toutsurfroment.fr\/VERSION4\/index.php\/2024\/03\/24\/presentation-du-prix-lyceen-de-ses-a-la-mediatheque\/\"]}]},{\"@type\":\"ImageObject\",\"inLanguage\":\"fr-FR\",\"@id\":\"https:\/\/www.toutsurfroment.fr\/VERSION4\/index.php\/2024\/03\/24\/presentation-du-prix-lyceen-de-ses-a-la-mediatheque\/#primaryimage\",\"url\":\"https:\/\/www.toutsurfroment.fr\/VERSION4\/wp-content\/uploads\/2024\/03\/Prix-Lyceen.png\",\"contentUrl\":\"https:\/\/www.toutsurfroment.fr\/VERSION4\/wp-content\/uploads\/2024\/03\/Prix-Lyceen.png\",\"width\":960,\"height\":640},{\"@type\":\"BreadcrumbList\",\"@id\":\"https:\/\/www.toutsurfroment.fr\/VERSION4\/index.php\/2024\/03\/24\/presentation-du-prix-lyceen-de-ses-a-la-mediatheque\/#breadcrumb\",\"itemListElement\":[{\"@type\":\"ListItem\",\"position\":1,\"name\":\"Accueil\",\"item\":\"https:\/\/www.toutsurfroment.fr\/VERSION4\/\"},{\"@type\":\"ListItem\",\"position\":2,\"name\":\"Pr\u00e9sentation du prix lyc\u00e9en de SES \u00e0 la m\u00e9diath\u00e8que\u00a0\u00a0\u00a0\u00a0\"}]},{\"@type\":\"WebSite\",\"@id\":\"https:\/\/www.toutsurfroment.fr\/VERSION4\/#website\",\"url\":\"https:\/\/www.toutsurfroment.fr\/VERSION4\/\",\"name\":\"TSF\",\"description\":\"Les m\u00e9dias du lyc\u00e9e Jules Froment\",\"publisher\":{\"@id\":\"https:\/\/www.toutsurfroment.fr\/VERSION4\/#organization\"},\"potentialAction\":[{\"@type\":\"SearchAction\",\"target\":{\"@type\":\"EntryPoint\",\"urlTemplate\":\"https:\/\/www.toutsurfroment.fr\/VERSION4\/?s={search_term_string}\"},\"query-input\":{\"@type\":\"PropertyValueSpecification\",\"valueRequired\":true,\"valueName\":\"search_term_string\"}}],\"inLanguage\":\"fr-FR\"},{\"@type\":\"Organization\",\"@id\":\"https:\/\/www.toutsurfroment.fr\/VERSION4\/#organization\",\"name\":\"TSF\",\"alternateName\":\"Tout Sur Froment\",\"url\":\"https:\/\/www.toutsurfroment.fr\/VERSION4\/\",\"logo\":{\"@type\":\"ImageObject\",\"inLanguage\":\"fr-FR\",\"@id\":\"https:\/\/www.toutsurfroment.fr\/VERSION4\/#\/schema\/logo\/image\/\",\"url\":\"https:\/\/www.toutsurfroment.fr\/VERSION4\/wp-content\/uploads\/2023\/10\/cropped-TresPetit.jpg\",\"contentUrl\":\"https:\/\/www.toutsurfroment.fr\/VERSION4\/wp-content\/uploads\/2023\/10\/cropped-TresPetit.jpg\",\"width\":60,\"height\":60,\"caption\":\"TSF\"},\"image\":{\"@id\":\"https:\/\/www.toutsurfroment.fr\/VERSION4\/#\/schema\/logo\/image\/\"},\"sameAs\":[\"https:\/\/www.facebook.com\/profile.php?id=100087797830804\"]},{\"@type\":\"Person\",\"@id\":\"https:\/\/www.toutsurfroment.fr\/VERSION4\/#\/schema\/person\/a697672b7f255e14b65903c6200e6bce\",\"name\":\"EP\",\"image\":{\"@type\":\"ImageObject\",\"inLanguage\":\"fr-FR\",\"@id\":\"https:\/\/www.toutsurfroment.fr\/VERSION4\/#\/schema\/person\/image\/\",\"url\":\"https:\/\/secure.gravatar.com\/avatar\/5ec210f7c367b53a5b2c9f3ee03ce59b20d7cec0ce631544e537c308cdd82adc?s=96&d=mm&r=g\",\"contentUrl\":\"https:\/\/secure.gravatar.com\/avatar\/5ec210f7c367b53a5b2c9f3ee03ce59b20d7cec0ce631544e537c308cdd82adc?s=96&d=mm&r=g\",\"caption\":\"EP\"},\"sameAs\":[\"https:\/\/www.toutsurfroment.fr\/VERSION4\"],\"url\":\"https:\/\/www.toutsurfroment.fr\/VERSION4\/index.php\/author\/ep\/\"}]}<\/script>\n<!-- \/ Yoast SEO plugin. -->","yoast_head_json":{"title":"Pr\u00e9sentation du prix lyc\u00e9en de SES \u00e0 la m\u00e9diath\u00e8que\u00a0\u00a0\u00a0\u00a0 - TSF","robots":{"index":"index","follow":"follow","max-snippet":"max-snippet:-1","max-image-preview":"max-image-preview:large","max-video-preview":"max-video-preview:-1"},"canonical":"https:\/\/www.toutsurfroment.fr\/VERSION4\/index.php\/2024\/03\/24\/presentation-du-prix-lyceen-de-ses-a-la-mediatheque\/","og_locale":"fr_FR","og_type":"article","og_title":"Pr\u00e9sentation du prix lyc\u00e9en de SES \u00e0 la m\u00e9diath\u00e8que\u00a0\u00a0\u00a0\u00a0 - TSF","og_description":"Rencontre le Samedi 30 mars avec le public \u00e0 la m\u00e9diath\u00e8que Jean Ferrat autour des livres de SES","og_url":"https:\/\/www.toutsurfroment.fr\/VERSION4\/index.php\/2024\/03\/24\/presentation-du-prix-lyceen-de-ses-a-la-mediatheque\/","og_site_name":"TSF","article_publisher":"https:\/\/www.facebook.com\/profile.php?id=100087797830804","article_published_time":"2024-03-24T15:00:54+00:00","article_modified_time":"2024-03-24T15:06:41+00:00","og_image":[{"width":960,"height":640,"url":"https:\/\/www.toutsurfroment.fr\/VERSION4\/wp-content\/uploads\/2024\/03\/Prix-Lyceen.png","type":"image\/png"}],"author":"EP","twitter_card":"summary_large_image","twitter_misc":{"\u00c9crit par":"EP","Dur\u00e9e de lecture estim\u00e9e":"2 minutes"},"schema":{"@context":"https:\/\/schema.org","@graph":[{"@type":"Article","@id":"https:\/\/www.toutsurfroment.fr\/VERSION4\/index.php\/2024\/03\/24\/presentation-du-prix-lyceen-de-ses-a-la-mediatheque\/#article","isPartOf":{"@id":"https:\/\/www.toutsurfroment.fr\/VERSION4\/index.php\/2024\/03\/24\/presentation-du-prix-lyceen-de-ses-a-la-mediatheque\/"},"author":{"name":"EP","@id":"https:\/\/www.toutsurfroment.fr\/VERSION4\/#\/schema\/person\/a697672b7f255e14b65903c6200e6bce"},"headline":"Pr\u00e9sentation du prix lyc\u00e9en de SES \u00e0 la m\u00e9diath\u00e8que\u00a0\u00a0\u00a0\u00a0","datePublished":"2024-03-24T15:00:54+00:00","dateModified":"2024-03-24T15:06:41+00:00","mainEntityOfPage":{"@id":"https:\/\/www.toutsurfroment.fr\/VERSION4\/index.php\/2024\/03\/24\/presentation-du-prix-lyceen-de-ses-a-la-mediatheque\/"},"wordCount":252,"commentCount":0,"publisher":{"@id":"https:\/\/www.toutsurfroment.fr\/VERSION4\/#organization"},"image":{"@id":"https:\/\/www.toutsurfroment.fr\/VERSION4\/index.php\/2024\/03\/24\/presentation-du-prix-lyceen-de-ses-a-la-mediatheque\/#primaryimage"},"thumbnailUrl":"https:\/\/www.toutsurfroment.fr\/VERSION4\/wp-content\/uploads\/2024\/03\/Prix-Lyceen.png","articleSection":["A la Une"],"inLanguage":"fr-FR","potentialAction":[{"@type":"CommentAction","name":"Comment","target":["https:\/\/www.toutsurfroment.fr\/VERSION4\/index.php\/2024\/03\/24\/presentation-du-prix-lyceen-de-ses-a-la-mediatheque\/#respond"]}]},{"@type":"WebPage","@id":"https:\/\/www.toutsurfroment.fr\/VERSION4\/index.php\/2024\/03\/24\/presentation-du-prix-lyceen-de-ses-a-la-mediatheque\/","url":"https:\/\/www.toutsurfroment.fr\/VERSION4\/index.php\/2024\/03\/24\/presentation-du-prix-lyceen-de-ses-a-la-mediatheque\/","name":"Pr\u00e9sentation du prix lyc\u00e9en de SES \u00e0 la m\u00e9diath\u00e8que\u00a0\u00a0\u00a0\u00a0 - TSF","isPartOf":{"@id":"https:\/\/www.toutsurfroment.fr\/VERSION4\/#website"},"primaryImageOfPage":{"@id":"https:\/\/www.toutsurfroment.fr\/VERSION4\/index.php\/2024\/03\/24\/presentation-du-prix-lyceen-de-ses-a-la-mediatheque\/#primaryimage"},"image":{"@id":"https:\/\/www.toutsurfroment.fr\/VERSION4\/index.php\/2024\/03\/24\/presentation-du-prix-lyceen-de-ses-a-la-mediatheque\/#primaryimage"},"thumbnailUrl":"https:\/\/www.toutsurfroment.fr\/VERSION4\/wp-content\/uploads\/2024\/03\/Prix-Lyceen.png","datePublished":"2024-03-24T15:00:54+00:00","dateModified":"2024-03-24T15:06:41+00:00","breadcrumb":{"@id":"https:\/\/www.toutsurfroment.fr\/VERSION4\/index.php\/2024\/03\/24\/presentation-du-prix-lyceen-de-ses-a-la-mediatheque\/#breadcrumb"},"inLanguage":"fr-FR","potentialAction":[{"@type":"ReadAction","target":["https:\/\/www.toutsurfroment.fr\/VERSION4\/index.php\/2024\/03\/24\/presentation-du-prix-lyceen-de-ses-a-la-mediatheque\/"]}]},{"@type":"ImageObject","inLanguage":"fr-FR","@id":"https:\/\/www.toutsurfroment.fr\/VERSION4\/index.php\/2024\/03\/24\/presentation-du-prix-lyceen-de-ses-a-la-mediatheque\/#primaryimage","url":"https:\/\/www.toutsurfroment.fr\/VERSION4\/wp-content\/uploads\/2024\/03\/Prix-Lyceen.png","contentUrl":"https:\/\/www.toutsurfroment.fr\/VERSION4\/wp-content\/uploads\/2024\/03\/Prix-Lyceen.png","width":960,"height":640},{"@type":"BreadcrumbList","@id":"https:\/\/www.toutsurfroment.fr\/VERSION4\/index.php\/2024\/03\/24\/presentation-du-prix-lyceen-de-ses-a-la-mediatheque\/#breadcrumb","itemListElement":[{"@type":"ListItem","position":1,"name":"Accueil","item":"https:\/\/www.toutsurfroment.fr\/VERSION4\/"},{"@type":"ListItem","position":2,"name":"Pr\u00e9sentation du prix lyc\u00e9en de SES \u00e0 la m\u00e9diath\u00e8que\u00a0\u00a0\u00a0\u00a0"}]},{"@type":"WebSite","@id":"https:\/\/www.toutsurfroment.fr\/VERSION4\/#website","url":"https:\/\/www.toutsurfroment.fr\/VERSION4\/","name":"TSF","description":"Les m\u00e9dias du lyc\u00e9e Jules Froment","publisher":{"@id":"https:\/\/www.toutsurfroment.fr\/VERSION4\/#organization"},"potentialAction":[{"@type":"SearchAction","target":{"@type":"EntryPoint","urlTemplate":"https:\/\/www.toutsurfroment.fr\/VERSION4\/?s={search_term_string}"},"query-input":{"@type":"PropertyValueSpecification","valueRequired":true,"valueName":"search_term_string"}}],"inLanguage":"fr-FR"},{"@type":"Organization","@id":"https:\/\/www.toutsurfroment.fr\/VERSION4\/#organization","name":"TSF","alternateName":"Tout Sur Froment","url":"https:\/\/www.toutsurfroment.fr\/VERSION4\/","logo":{"@type":"ImageObject","inLanguage":"fr-FR","@id":"https:\/\/www.toutsurfroment.fr\/VERSION4\/#\/schema\/logo\/image\/","url":"https:\/\/www.toutsurfroment.fr\/VERSION4\/wp-content\/uploads\/2023\/10\/cropped-TresPetit.jpg","contentUrl":"https:\/\/www.toutsurfroment.fr\/VERSION4\/wp-content\/uploads\/2023\/10\/cropped-TresPetit.jpg","width":60,"height":60,"caption":"TSF"},"image":{"@id":"https:\/\/www.toutsurfroment.fr\/VERSION4\/#\/schema\/logo\/image\/"},"sameAs":["https:\/\/www.facebook.com\/profile.php?id=100087797830804"]},{"@type":"Person","@id":"https:\/\/www.toutsurfroment.fr\/VERSION4\/#\/schema\/person\/a697672b7f255e14b65903c6200e6bce","name":"EP","image":{"@type":"ImageObject","inLanguage":"fr-FR","@id":"https:\/\/www.toutsurfroment.fr\/VERSION4\/#\/schema\/person\/image\/","url":"https:\/\/secure.gravatar.com\/avatar\/5ec210f7c367b53a5b2c9f3ee03ce59b20d7cec0ce631544e537c308cdd82adc?s=96&d=mm&r=g","contentUrl":"https:\/\/secure.gravatar.com\/avatar\/5ec210f7c367b53a5b2c9f3ee03ce59b20d7cec0ce631544e537c308cdd82adc?s=96&d=mm&r=g","caption":"EP"},"sameAs":["https:\/\/www.toutsurfroment.fr\/VERSION4"],"url":"https:\/\/www.toutsurfroment.fr\/VERSION4\/index.php\/author\/ep\/"}]}},"_links":{"self":[{"href":"https:\/\/www.toutsurfroment.fr\/VERSION4\/index.php\/wp-json\/wp\/v2\/posts\/1639","targetHints":{"allow":["GET"]}}],"collection":[{"href":"https:\/\/www.toutsurfroment.fr\/VERSION4\/index.php\/wp-json\/wp\/v2\/posts"}],"about":[{"href":"https:\/\/www.toutsurfroment.fr\/VERSION4\/index.php\/wp-json\/wp\/v2\/types\/post"}],"author":[{"embeddable":true,"href":"https:\/\/www.toutsurfroment.fr\/VERSION4\/index.php\/wp-json\/wp\/v2\/users\/1"}],"replies":[{"embeddable":true,"href":"https:\/\/www.toutsurfroment.fr\/VERSION4\/index.php\/wp-json\/wp\/v2\/comments?post=1639"}],"version-history":[{"count":6,"href":"https:\/\/www.toutsurfroment.fr\/VERSION4\/index.php\/wp-json\/wp\/v2\/posts\/1639\/revisions"}],"predecessor-version":[{"id":1649,"href":"https:\/\/www.toutsurfroment.fr\/VERSION4\/index.php\/wp-json\/wp\/v2\/posts\/1639\/revisions\/1649"}],"wp:featuredmedia":[{"embeddable":true,"href":"https:\/\/www.toutsurfroment.fr\/VERSION4\/index.php\/wp-json\/wp\/v2\/media\/1642"}],"wp:attachment":[{"href":"https:\/\/www.toutsurfroment.fr\/VERSION4\/index.php\/wp-json\/wp\/v2\/media?parent=1639"}],"wp:term":[{"taxonomy":"category","embeddable":true,"href":"https:\/\/www.toutsurfroment.fr\/VERSION4\/index.php\/wp-json\/wp\/v2\/categories?post=1639"},{"taxonomy":"post_tag","embeddable":true,"href":"https:\/\/www.toutsurfroment.fr\/VERSION4\/index.php\/wp-json\/wp\/v2\/tags?post=1639"}],"curies":[{"name":"wp","href":"https:\/\/api.w.org\/{rel}","templated":true}]}}