
{"id":1984,"date":"2025-03-12T10:46:45","date_gmt":"2025-03-12T09:46:45","guid":{"rendered":"https:\/\/www.toutsurfroment.fr\/VERSION4\/?p=1984"},"modified":"2025-03-12T11:08:55","modified_gmt":"2025-03-12T10:08:55","slug":"rencontre-avec-des-professionnels-du-livre","status":"publish","type":"post","link":"https:\/\/www.toutsurfroment.fr\/VERSION4\/index.php\/2025\/03\/12\/rencontre-avec-des-professionnels-du-livre\/","title":{"rendered":"Rencontre avec des professionnels du livre"},"content":{"rendered":"\n<div class=\"wp-block-columns is-layout-flex wp-container-core-columns-is-layout-9d6595d7 wp-block-columns-is-layout-flex\">\n<div class=\"wp-block-column is-layout-flow wp-block-column-is-layout-flow\" style=\"flex-basis:33.33%\">\n<p><strong>Rencontre avec des professionnels du livre : un \u00e9change enrichissant pour les \u00e9l\u00e8ves de Seconde 1<\/strong><\/p>\n\n\n\n<p>Le 13 f\u00e9vrier 2025, les \u00e9l\u00e8ves de la classe de Seconde 1 ont eu l&#8217;opportunit\u00e9 de rencontrer six professionnels du milieu du livre \u00e0 la m\u00e9diath\u00e8que d&#8217;Aubenas. Cette rencontre a \u00e9t\u00e9 organis\u00e9e dans le cadre de leur projet du prix litt\u00e9raire des Incorruptibles, offrant aux \u00e9l\u00e8ves un \u00e9change dynamique et instructif.<\/p>\n\n\n\n<p>Amandine Grosclaude, directrice de la m\u00e9diath\u00e8que Jean Ferrat a lanc\u00e9 la matin\u00e9e, pr\u00e9sentant bri\u00e8vement les professionnels invit\u00e9s.<\/p>\n\n\n\n<p>Ensuite, un moment de rencontre en petits groupes a eu lieu atour de chaque professionnel venu raconter son m\u00e9tier. Les \u00e9l\u00e8ves ont ainsi eu l&#8217;occasion de poser des questions pour mieux comprendre les enjeux de chaque profession. Voici un aper\u00e7u des m\u00e9tiers pr\u00e9sent\u00e9s&nbsp;:<\/p>\n\n\n\n<ul class=\"wp-block-list\">\n<li><strong>Marion WIEBER<\/strong>, travaillant aux archives d\u00e9partementales, a expliqu\u00e9 son r\u00f4le dans la pr\u00e9servation des documents anciens, en mettant en avant l&#8217;importance de la conservation de l&#8217;histoire \u00e9crite et des archives physiques.<\/li>\n\n\n\n<li><strong>Claire POILROUX<\/strong>, libraire (librairie du Tiers-Temps), a partag\u00e9 son exp\u00e9rience du monde de la vente de livres, \u00e9voquant ses choix en mati\u00e8re de s\u00e9lection et de conseil aux lecteurs.<\/li>\n\n\n\n<li><strong>S\u00e9bastien GAYET<\/strong>, \u00e9diteur (Sept \u00e9ditions), a parl\u00e9 de la cha\u00eene de production d&#8217;un livre, de la s\u00e9lection des manuscrits \u00e0 leur mise en page et leur diffusion.<\/li>\n\n\n\n<li><strong>S\u00e9bastien HAIBUCHER<\/strong>, m\u00e9diath\u00e9caire, a expliqu\u00e9 comment la m\u00e9diath\u00e8que offre un acc\u00e8s \u00e0 la culture et au savoir, tout en s\u2019adaptant \u00e0 l\u2019\u00e9volution du num\u00e9rique.<\/li>\n\n\n\n<li><strong>Zharina KHAN<\/strong>, autrice, a racont\u00e9 son parcours d\u2019\u00e9crivaine et comment elle transforme ses id\u00e9es en r\u00e9cits publi\u00e9s.<\/li>\n\n\n\n<li><strong>Julie TYRLIK<\/strong>, restauratrice du patrimoine, a pr\u00e9sent\u00e9 l\u2019art et la pr\u00e9cision de ses techniques dont celle de la reliure. Elle a soulign\u00e9 l&#8217;importance de la pr\u00e9servation physique des livres, m\u00ealant art et savoir-faire technique.<\/li>\n<\/ul>\n\n\n\n<p>Apr\u00e8s ces interviews, les points cl\u00e9s des discussions ont \u00e9t\u00e9 partag\u00e9s aux professionnels r\u00e9unis sur le plateau et les \u00e9l\u00e8ves d\u00e9sormais spectateurs. Ce moment a \u00e9t\u00e9 l&#8217;occasion de souligner l\u2019importance de ces professions, chacune jouant un r\u00f4le crucial dans la cha\u00eene du livre.<\/p>\n<\/div>\n\n\n\n<div class=\"wp-block-column is-layout-flow wp-block-column-is-layout-flow\" style=\"flex-basis:66.66%\">\n<figure class=\"wp-block-image size-large\"><img loading=\"lazy\" decoding=\"async\" width=\"1024\" height=\"576\" src=\"https:\/\/www.toutsurfroment.fr\/VERSION4\/wp-content\/uploads\/2025\/03\/20250213_093917-1-1024x576.jpg\" alt=\"\" class=\"wp-image-1987\" srcset=\"https:\/\/www.toutsurfroment.fr\/VERSION4\/wp-content\/uploads\/2025\/03\/20250213_093917-1-1024x576.jpg 1024w, https:\/\/www.toutsurfroment.fr\/VERSION4\/wp-content\/uploads\/2025\/03\/20250213_093917-1-300x169.jpg 300w, https:\/\/www.toutsurfroment.fr\/VERSION4\/wp-content\/uploads\/2025\/03\/20250213_093917-1-768x432.jpg 768w, https:\/\/www.toutsurfroment.fr\/VERSION4\/wp-content\/uploads\/2025\/03\/20250213_093917-1-1536x864.jpg 1536w, https:\/\/www.toutsurfroment.fr\/VERSION4\/wp-content\/uploads\/2025\/03\/20250213_093917-1.jpg 1920w\" sizes=\"auto, (max-width: 1024px) 100vw, 1024px\" \/><\/figure>\n\n\n\n<figure class=\"wp-block-image size-large\"><img loading=\"lazy\" decoding=\"async\" width=\"1024\" height=\"577\" src=\"https:\/\/www.toutsurfroment.fr\/VERSION4\/wp-content\/uploads\/2025\/03\/20250213_094003-1024x577.jpg\" alt=\"\" class=\"wp-image-1989\" srcset=\"https:\/\/www.toutsurfroment.fr\/VERSION4\/wp-content\/uploads\/2025\/03\/20250213_094003-1024x577.jpg 1024w, https:\/\/www.toutsurfroment.fr\/VERSION4\/wp-content\/uploads\/2025\/03\/20250213_094003-300x169.jpg 300w, https:\/\/www.toutsurfroment.fr\/VERSION4\/wp-content\/uploads\/2025\/03\/20250213_094003-768x432.jpg 768w, https:\/\/www.toutsurfroment.fr\/VERSION4\/wp-content\/uploads\/2025\/03\/20250213_094003-1536x865.jpg 1536w, https:\/\/www.toutsurfroment.fr\/VERSION4\/wp-content\/uploads\/2025\/03\/20250213_094003.jpg 1920w\" sizes=\"auto, (max-width: 1024px) 100vw, 1024px\" \/><\/figure>\n\n\n\n<figure class=\"wp-block-image size-large\"><img loading=\"lazy\" decoding=\"async\" width=\"1024\" height=\"576\" src=\"https:\/\/www.toutsurfroment.fr\/VERSION4\/wp-content\/uploads\/2025\/03\/20250213_094152-1024x576.jpg\" alt=\"\" class=\"wp-image-1990\" srcset=\"https:\/\/www.toutsurfroment.fr\/VERSION4\/wp-content\/uploads\/2025\/03\/20250213_094152-1024x576.jpg 1024w, https:\/\/www.toutsurfroment.fr\/VERSION4\/wp-content\/uploads\/2025\/03\/20250213_094152-300x169.jpg 300w, https:\/\/www.toutsurfroment.fr\/VERSION4\/wp-content\/uploads\/2025\/03\/20250213_094152-768x432.jpg 768w, https:\/\/www.toutsurfroment.fr\/VERSION4\/wp-content\/uploads\/2025\/03\/20250213_094152-1536x864.jpg 1536w, https:\/\/www.toutsurfroment.fr\/VERSION4\/wp-content\/uploads\/2025\/03\/20250213_094152.jpg 1796w\" sizes=\"auto, (max-width: 1024px) 100vw, 1024px\" \/><\/figure>\n<\/div>\n<\/div>\n\n\n\n<p>La derni\u00e8re partie de la rencontre a \u00e9t\u00e9 anim\u00e9e par trois \u00e9l\u00e8ves, L\u00e9na, Livio et moi-m\u00eame. Nous avons ouvert un d\u00e9bat sur l\u2019avenir des m\u00e9tiers du livre face \u00e0 la r\u00e9volution num\u00e9rique. Nous avons discut\u00e9 des d\u00e9fis et des opportunit\u00e9s que pr\u00e9sente l&#8217;\u00e8re num\u00e9rique pour l\u2019\u00e9dition, la lecture et la diffusion des livres. Bien que les professionnels aient exprim\u00e9 un enthousiasme pour les nouvelles technologies, ils ont \u00e9galement soulign\u00e9 l\u2019importance de maintenir et de pr\u00e9server les formats traditionnels, notamment le livre papier. Le num\u00e9rique est vu comme un outil compl\u00e9mentaire, mais pas un substitut \u00e0 l\u2019exp\u00e9rience physique du livre.<\/p>\n\n\n\n<p>Cette rencontre a permis aux \u00e9l\u00e8ves de d\u00e9couvrir la richesse des m\u00e9tiers du livre et d\u2019\u00e9changer avec des professionnels passionn\u00e9s. En plus d\u2019approfondir leurs connaissances, ces \u00e9changes ont suscit\u00e9 une r\u00e9flexion sur l\u2019avenir de la litt\u00e9rature et de l\u2019\u00e9dition \u00e0 l\u2019\u00e8re du num\u00e9rique.<\/p>\n\n\n\n<p>Les \u00e9l\u00e8ves de Seconde 1 repartent avec une vision plus large de l\u2019univers du livre, tout en nourrissant leur r\u00e9flexion sur son \u00e9volution future.<\/p>\n\n\n\n<p>Matys R.<\/p>\n\n\n\n<figure class=\"wp-block-image size-large\"><img loading=\"lazy\" decoding=\"async\" width=\"1024\" height=\"282\" src=\"https:\/\/www.toutsurfroment.fr\/VERSION4\/wp-content\/uploads\/2025\/03\/20250213_111324-1024x282.jpg\" alt=\"\" class=\"wp-image-1988\" srcset=\"https:\/\/www.toutsurfroment.fr\/VERSION4\/wp-content\/uploads\/2025\/03\/20250213_111324-1024x282.jpg 1024w, https:\/\/www.toutsurfroment.fr\/VERSION4\/wp-content\/uploads\/2025\/03\/20250213_111324-300x83.jpg 300w, https:\/\/www.toutsurfroment.fr\/VERSION4\/wp-content\/uploads\/2025\/03\/20250213_111324-768x212.jpg 768w, https:\/\/www.toutsurfroment.fr\/VERSION4\/wp-content\/uploads\/2025\/03\/20250213_111324-1536x423.jpg 1536w, https:\/\/www.toutsurfroment.fr\/VERSION4\/wp-content\/uploads\/2025\/03\/20250213_111324.jpg 1920w\" sizes=\"auto, (max-width: 1024px) 100vw, 1024px\" \/><\/figure>\n\n\n\n<p><\/p>\n\n\n\n<p><strong>Et voici quelques r\u00e9actions d\u2019\u00e9l\u00e8ves&nbsp;:<\/strong><\/p>\n\n\n\n<ul class=\"wp-block-list\">\n<li>\u00ab&nbsp;Malgr\u00e9 l\u2019avanc\u00e9e technologique, les m\u00e9tiers du livre ne pourront pas disparaitre. Les personnes qui travaillent sur et avec les livres contribuent toutes \u00e0 donner une histoire au livre. En r\u00e9alisant l\u2019interview de Julie Tyrlic, j\u2019ai d\u00e9couvert que le m\u00e9tier de restaurateur du patrimoine est tr\u00e8s int\u00e9ressant. Les livres ont une plus grande histoire que je ne le pensais et c\u2019est important de les restaurer pour garder leur histoire\u00bb. Louis P.<\/li>\n\n\n\n<li>\u00ab&nbsp;Concernant la restauratrice du patrimoine, son travail peut prendre beaucoup de temps pour un seul livre&nbsp;!&nbsp;\u00bb Pierre S.M.<\/li>\n\n\n\n<li>\u00ab&nbsp;J\u2019ai appr\u00e9ci\u00e9 le moment o\u00f9 nous avons parl\u00e9 de la lecture dans l\u2019actualit\u00e9. Mais plus encore de voir comment chaque personne adore son m\u00e9tier, sa sp\u00e9cialit\u00e9&nbsp;\u00bb. Carla P. (\u00e9l\u00e8ve espagnole en immersion quelques semaines dans le cadre de l\u2019\u00e9change Picasso)<\/li>\n<\/ul>\n\n\n\n<p><\/p>\n","protected":false},"excerpt":{"rendered":"<p>Des Secondes rencontrent des professionnels du livre \u00e0 la m\u00e9diath\u00e8que d&#8217;Aubenas (Matys)<\/p>\n","protected":false},"author":1,"featured_media":1997,"comment_status":"open","ping_status":"open","sticky":false,"template":"","format":"standard","meta":{"footnotes":""},"categories":[35,1],"tags":[],"class_list":["post-1984","post","type-post","status-publish","format-standard","has-post-thumbnail","hentry","category-a-la-une","category-non-classe"],"yoast_head":"<!-- This site is optimized with the Yoast SEO plugin v24.5 - https:\/\/yoast.com\/wordpress\/plugins\/seo\/ -->\n<title>Rencontre avec des professionnels du livre - TSF<\/title>\n<meta name=\"robots\" content=\"index, follow, max-snippet:-1, max-image-preview:large, max-video-preview:-1\" \/>\n<link rel=\"canonical\" href=\"https:\/\/www.toutsurfroment.fr\/VERSION4\/index.php\/2025\/03\/12\/rencontre-avec-des-professionnels-du-livre\/\" \/>\n<meta property=\"og:locale\" content=\"fr_FR\" \/>\n<meta property=\"og:type\" content=\"article\" \/>\n<meta property=\"og:title\" content=\"Rencontre avec des professionnels du livre - TSF\" \/>\n<meta property=\"og:description\" content=\"Des Secondes rencontrent des professionnels du livre \u00e0 la m\u00e9diath\u00e8que d&#039;Aubenas (Matys)\" \/>\n<meta property=\"og:url\" content=\"https:\/\/www.toutsurfroment.fr\/VERSION4\/index.php\/2025\/03\/12\/rencontre-avec-des-professionnels-du-livre\/\" \/>\n<meta property=\"og:site_name\" content=\"TSF\" \/>\n<meta property=\"article:publisher\" content=\"https:\/\/www.facebook.com\/profile.php?id=100087797830804\" \/>\n<meta property=\"article:published_time\" content=\"2025-03-12T09:46:45+00:00\" \/>\n<meta property=\"article:modified_time\" content=\"2025-03-12T10:08:55+00:00\" \/>\n<meta property=\"og:image\" content=\"https:\/\/www.toutsurfroment.fr\/VERSION4\/wp-content\/uploads\/2025\/03\/CADRE2-TSF.png\" \/>\n\t<meta property=\"og:image:width\" content=\"960\" \/>\n\t<meta property=\"og:image:height\" content=\"640\" \/>\n\t<meta property=\"og:image:type\" content=\"image\/png\" \/>\n<meta name=\"author\" content=\"EP\" \/>\n<meta name=\"twitter:card\" content=\"summary_large_image\" \/>\n<meta name=\"twitter:label1\" content=\"\u00c9crit par\" \/>\n\t<meta name=\"twitter:data1\" content=\"EP\" \/>\n\t<meta name=\"twitter:label2\" content=\"Dur\u00e9e de lecture estim\u00e9e\" \/>\n\t<meta name=\"twitter:data2\" content=\"5 minutes\" \/>\n<script type=\"application\/ld+json\" class=\"yoast-schema-graph\">{\"@context\":\"https:\/\/schema.org\",\"@graph\":[{\"@type\":\"Article\",\"@id\":\"https:\/\/www.toutsurfroment.fr\/VERSION4\/index.php\/2025\/03\/12\/rencontre-avec-des-professionnels-du-livre\/#article\",\"isPartOf\":{\"@id\":\"https:\/\/www.toutsurfroment.fr\/VERSION4\/index.php\/2025\/03\/12\/rencontre-avec-des-professionnels-du-livre\/\"},\"author\":{\"name\":\"EP\",\"@id\":\"https:\/\/www.toutsurfroment.fr\/VERSION4\/#\/schema\/person\/a697672b7f255e14b65903c6200e6bce\"},\"headline\":\"Rencontre avec des professionnels du livre\",\"datePublished\":\"2025-03-12T09:46:45+00:00\",\"dateModified\":\"2025-03-12T10:08:55+00:00\",\"mainEntityOfPage\":{\"@id\":\"https:\/\/www.toutsurfroment.fr\/VERSION4\/index.php\/2025\/03\/12\/rencontre-avec-des-professionnels-du-livre\/\"},\"wordCount\":748,\"commentCount\":0,\"publisher\":{\"@id\":\"https:\/\/www.toutsurfroment.fr\/VERSION4\/#organization\"},\"image\":{\"@id\":\"https:\/\/www.toutsurfroment.fr\/VERSION4\/index.php\/2025\/03\/12\/rencontre-avec-des-professionnels-du-livre\/#primaryimage\"},\"thumbnailUrl\":\"https:\/\/www.toutsurfroment.fr\/VERSION4\/wp-content\/uploads\/2025\/03\/CADRE2-TSF.png\",\"articleSection\":[\"A la Une\"],\"inLanguage\":\"fr-FR\",\"potentialAction\":[{\"@type\":\"CommentAction\",\"name\":\"Comment\",\"target\":[\"https:\/\/www.toutsurfroment.fr\/VERSION4\/index.php\/2025\/03\/12\/rencontre-avec-des-professionnels-du-livre\/#respond\"]}]},{\"@type\":\"WebPage\",\"@id\":\"https:\/\/www.toutsurfroment.fr\/VERSION4\/index.php\/2025\/03\/12\/rencontre-avec-des-professionnels-du-livre\/\",\"url\":\"https:\/\/www.toutsurfroment.fr\/VERSION4\/index.php\/2025\/03\/12\/rencontre-avec-des-professionnels-du-livre\/\",\"name\":\"Rencontre avec des professionnels du livre - TSF\",\"isPartOf\":{\"@id\":\"https:\/\/www.toutsurfroment.fr\/VERSION4\/#website\"},\"primaryImageOfPage\":{\"@id\":\"https:\/\/www.toutsurfroment.fr\/VERSION4\/index.php\/2025\/03\/12\/rencontre-avec-des-professionnels-du-livre\/#primaryimage\"},\"image\":{\"@id\":\"https:\/\/www.toutsurfroment.fr\/VERSION4\/index.php\/2025\/03\/12\/rencontre-avec-des-professionnels-du-livre\/#primaryimage\"},\"thumbnailUrl\":\"https:\/\/www.toutsurfroment.fr\/VERSION4\/wp-content\/uploads\/2025\/03\/CADRE2-TSF.png\",\"datePublished\":\"2025-03-12T09:46:45+00:00\",\"dateModified\":\"2025-03-12T10:08:55+00:00\",\"breadcrumb\":{\"@id\":\"https:\/\/www.toutsurfroment.fr\/VERSION4\/index.php\/2025\/03\/12\/rencontre-avec-des-professionnels-du-livre\/#breadcrumb\"},\"inLanguage\":\"fr-FR\",\"potentialAction\":[{\"@type\":\"ReadAction\",\"target\":[\"https:\/\/www.toutsurfroment.fr\/VERSION4\/index.php\/2025\/03\/12\/rencontre-avec-des-professionnels-du-livre\/\"]}]},{\"@type\":\"ImageObject\",\"inLanguage\":\"fr-FR\",\"@id\":\"https:\/\/www.toutsurfroment.fr\/VERSION4\/index.php\/2025\/03\/12\/rencontre-avec-des-professionnels-du-livre\/#primaryimage\",\"url\":\"https:\/\/www.toutsurfroment.fr\/VERSION4\/wp-content\/uploads\/2025\/03\/CADRE2-TSF.png\",\"contentUrl\":\"https:\/\/www.toutsurfroment.fr\/VERSION4\/wp-content\/uploads\/2025\/03\/CADRE2-TSF.png\",\"width\":960,\"height\":640},{\"@type\":\"BreadcrumbList\",\"@id\":\"https:\/\/www.toutsurfroment.fr\/VERSION4\/index.php\/2025\/03\/12\/rencontre-avec-des-professionnels-du-livre\/#breadcrumb\",\"itemListElement\":[{\"@type\":\"ListItem\",\"position\":1,\"name\":\"Accueil\",\"item\":\"https:\/\/www.toutsurfroment.fr\/VERSION4\/\"},{\"@type\":\"ListItem\",\"position\":2,\"name\":\"Rencontre avec des professionnels du livre\"}]},{\"@type\":\"WebSite\",\"@id\":\"https:\/\/www.toutsurfroment.fr\/VERSION4\/#website\",\"url\":\"https:\/\/www.toutsurfroment.fr\/VERSION4\/\",\"name\":\"TSF\",\"description\":\"Les m\u00e9dias du lyc\u00e9e Jules Froment\",\"publisher\":{\"@id\":\"https:\/\/www.toutsurfroment.fr\/VERSION4\/#organization\"},\"potentialAction\":[{\"@type\":\"SearchAction\",\"target\":{\"@type\":\"EntryPoint\",\"urlTemplate\":\"https:\/\/www.toutsurfroment.fr\/VERSION4\/?s={search_term_string}\"},\"query-input\":{\"@type\":\"PropertyValueSpecification\",\"valueRequired\":true,\"valueName\":\"search_term_string\"}}],\"inLanguage\":\"fr-FR\"},{\"@type\":\"Organization\",\"@id\":\"https:\/\/www.toutsurfroment.fr\/VERSION4\/#organization\",\"name\":\"TSF\",\"alternateName\":\"Tout Sur Froment\",\"url\":\"https:\/\/www.toutsurfroment.fr\/VERSION4\/\",\"logo\":{\"@type\":\"ImageObject\",\"inLanguage\":\"fr-FR\",\"@id\":\"https:\/\/www.toutsurfroment.fr\/VERSION4\/#\/schema\/logo\/image\/\",\"url\":\"https:\/\/www.toutsurfroment.fr\/VERSION4\/wp-content\/uploads\/2023\/10\/cropped-TresPetit.jpg\",\"contentUrl\":\"https:\/\/www.toutsurfroment.fr\/VERSION4\/wp-content\/uploads\/2023\/10\/cropped-TresPetit.jpg\",\"width\":60,\"height\":60,\"caption\":\"TSF\"},\"image\":{\"@id\":\"https:\/\/www.toutsurfroment.fr\/VERSION4\/#\/schema\/logo\/image\/\"},\"sameAs\":[\"https:\/\/www.facebook.com\/profile.php?id=100087797830804\"]},{\"@type\":\"Person\",\"@id\":\"https:\/\/www.toutsurfroment.fr\/VERSION4\/#\/schema\/person\/a697672b7f255e14b65903c6200e6bce\",\"name\":\"EP\",\"image\":{\"@type\":\"ImageObject\",\"inLanguage\":\"fr-FR\",\"@id\":\"https:\/\/www.toutsurfroment.fr\/VERSION4\/#\/schema\/person\/image\/\",\"url\":\"https:\/\/secure.gravatar.com\/avatar\/5ec210f7c367b53a5b2c9f3ee03ce59b20d7cec0ce631544e537c308cdd82adc?s=96&d=mm&r=g\",\"contentUrl\":\"https:\/\/secure.gravatar.com\/avatar\/5ec210f7c367b53a5b2c9f3ee03ce59b20d7cec0ce631544e537c308cdd82adc?s=96&d=mm&r=g\",\"caption\":\"EP\"},\"sameAs\":[\"https:\/\/www.toutsurfroment.fr\/VERSION4\"],\"url\":\"https:\/\/www.toutsurfroment.fr\/VERSION4\/index.php\/author\/ep\/\"}]}<\/script>\n<!-- \/ Yoast SEO plugin. -->","yoast_head_json":{"title":"Rencontre avec des professionnels du livre - TSF","robots":{"index":"index","follow":"follow","max-snippet":"max-snippet:-1","max-image-preview":"max-image-preview:large","max-video-preview":"max-video-preview:-1"},"canonical":"https:\/\/www.toutsurfroment.fr\/VERSION4\/index.php\/2025\/03\/12\/rencontre-avec-des-professionnels-du-livre\/","og_locale":"fr_FR","og_type":"article","og_title":"Rencontre avec des professionnels du livre - TSF","og_description":"Des Secondes rencontrent des professionnels du livre \u00e0 la m\u00e9diath\u00e8que d'Aubenas (Matys)","og_url":"https:\/\/www.toutsurfroment.fr\/VERSION4\/index.php\/2025\/03\/12\/rencontre-avec-des-professionnels-du-livre\/","og_site_name":"TSF","article_publisher":"https:\/\/www.facebook.com\/profile.php?id=100087797830804","article_published_time":"2025-03-12T09:46:45+00:00","article_modified_time":"2025-03-12T10:08:55+00:00","og_image":[{"width":960,"height":640,"url":"https:\/\/www.toutsurfroment.fr\/VERSION4\/wp-content\/uploads\/2025\/03\/CADRE2-TSF.png","type":"image\/png"}],"author":"EP","twitter_card":"summary_large_image","twitter_misc":{"\u00c9crit par":"EP","Dur\u00e9e de lecture estim\u00e9e":"5 minutes"},"schema":{"@context":"https:\/\/schema.org","@graph":[{"@type":"Article","@id":"https:\/\/www.toutsurfroment.fr\/VERSION4\/index.php\/2025\/03\/12\/rencontre-avec-des-professionnels-du-livre\/#article","isPartOf":{"@id":"https:\/\/www.toutsurfroment.fr\/VERSION4\/index.php\/2025\/03\/12\/rencontre-avec-des-professionnels-du-livre\/"},"author":{"name":"EP","@id":"https:\/\/www.toutsurfroment.fr\/VERSION4\/#\/schema\/person\/a697672b7f255e14b65903c6200e6bce"},"headline":"Rencontre avec des professionnels du livre","datePublished":"2025-03-12T09:46:45+00:00","dateModified":"2025-03-12T10:08:55+00:00","mainEntityOfPage":{"@id":"https:\/\/www.toutsurfroment.fr\/VERSION4\/index.php\/2025\/03\/12\/rencontre-avec-des-professionnels-du-livre\/"},"wordCount":748,"commentCount":0,"publisher":{"@id":"https:\/\/www.toutsurfroment.fr\/VERSION4\/#organization"},"image":{"@id":"https:\/\/www.toutsurfroment.fr\/VERSION4\/index.php\/2025\/03\/12\/rencontre-avec-des-professionnels-du-livre\/#primaryimage"},"thumbnailUrl":"https:\/\/www.toutsurfroment.fr\/VERSION4\/wp-content\/uploads\/2025\/03\/CADRE2-TSF.png","articleSection":["A la Une"],"inLanguage":"fr-FR","potentialAction":[{"@type":"CommentAction","name":"Comment","target":["https:\/\/www.toutsurfroment.fr\/VERSION4\/index.php\/2025\/03\/12\/rencontre-avec-des-professionnels-du-livre\/#respond"]}]},{"@type":"WebPage","@id":"https:\/\/www.toutsurfroment.fr\/VERSION4\/index.php\/2025\/03\/12\/rencontre-avec-des-professionnels-du-livre\/","url":"https:\/\/www.toutsurfroment.fr\/VERSION4\/index.php\/2025\/03\/12\/rencontre-avec-des-professionnels-du-livre\/","name":"Rencontre avec des professionnels du livre - TSF","isPartOf":{"@id":"https:\/\/www.toutsurfroment.fr\/VERSION4\/#website"},"primaryImageOfPage":{"@id":"https:\/\/www.toutsurfroment.fr\/VERSION4\/index.php\/2025\/03\/12\/rencontre-avec-des-professionnels-du-livre\/#primaryimage"},"image":{"@id":"https:\/\/www.toutsurfroment.fr\/VERSION4\/index.php\/2025\/03\/12\/rencontre-avec-des-professionnels-du-livre\/#primaryimage"},"thumbnailUrl":"https:\/\/www.toutsurfroment.fr\/VERSION4\/wp-content\/uploads\/2025\/03\/CADRE2-TSF.png","datePublished":"2025-03-12T09:46:45+00:00","dateModified":"2025-03-12T10:08:55+00:00","breadcrumb":{"@id":"https:\/\/www.toutsurfroment.fr\/VERSION4\/index.php\/2025\/03\/12\/rencontre-avec-des-professionnels-du-livre\/#breadcrumb"},"inLanguage":"fr-FR","potentialAction":[{"@type":"ReadAction","target":["https:\/\/www.toutsurfroment.fr\/VERSION4\/index.php\/2025\/03\/12\/rencontre-avec-des-professionnels-du-livre\/"]}]},{"@type":"ImageObject","inLanguage":"fr-FR","@id":"https:\/\/www.toutsurfroment.fr\/VERSION4\/index.php\/2025\/03\/12\/rencontre-avec-des-professionnels-du-livre\/#primaryimage","url":"https:\/\/www.toutsurfroment.fr\/VERSION4\/wp-content\/uploads\/2025\/03\/CADRE2-TSF.png","contentUrl":"https:\/\/www.toutsurfroment.fr\/VERSION4\/wp-content\/uploads\/2025\/03\/CADRE2-TSF.png","width":960,"height":640},{"@type":"BreadcrumbList","@id":"https:\/\/www.toutsurfroment.fr\/VERSION4\/index.php\/2025\/03\/12\/rencontre-avec-des-professionnels-du-livre\/#breadcrumb","itemListElement":[{"@type":"ListItem","position":1,"name":"Accueil","item":"https:\/\/www.toutsurfroment.fr\/VERSION4\/"},{"@type":"ListItem","position":2,"name":"Rencontre avec des professionnels du livre"}]},{"@type":"WebSite","@id":"https:\/\/www.toutsurfroment.fr\/VERSION4\/#website","url":"https:\/\/www.toutsurfroment.fr\/VERSION4\/","name":"TSF","description":"Les m\u00e9dias du lyc\u00e9e Jules Froment","publisher":{"@id":"https:\/\/www.toutsurfroment.fr\/VERSION4\/#organization"},"potentialAction":[{"@type":"SearchAction","target":{"@type":"EntryPoint","urlTemplate":"https:\/\/www.toutsurfroment.fr\/VERSION4\/?s={search_term_string}"},"query-input":{"@type":"PropertyValueSpecification","valueRequired":true,"valueName":"search_term_string"}}],"inLanguage":"fr-FR"},{"@type":"Organization","@id":"https:\/\/www.toutsurfroment.fr\/VERSION4\/#organization","name":"TSF","alternateName":"Tout Sur Froment","url":"https:\/\/www.toutsurfroment.fr\/VERSION4\/","logo":{"@type":"ImageObject","inLanguage":"fr-FR","@id":"https:\/\/www.toutsurfroment.fr\/VERSION4\/#\/schema\/logo\/image\/","url":"https:\/\/www.toutsurfroment.fr\/VERSION4\/wp-content\/uploads\/2023\/10\/cropped-TresPetit.jpg","contentUrl":"https:\/\/www.toutsurfroment.fr\/VERSION4\/wp-content\/uploads\/2023\/10\/cropped-TresPetit.jpg","width":60,"height":60,"caption":"TSF"},"image":{"@id":"https:\/\/www.toutsurfroment.fr\/VERSION4\/#\/schema\/logo\/image\/"},"sameAs":["https:\/\/www.facebook.com\/profile.php?id=100087797830804"]},{"@type":"Person","@id":"https:\/\/www.toutsurfroment.fr\/VERSION4\/#\/schema\/person\/a697672b7f255e14b65903c6200e6bce","name":"EP","image":{"@type":"ImageObject","inLanguage":"fr-FR","@id":"https:\/\/www.toutsurfroment.fr\/VERSION4\/#\/schema\/person\/image\/","url":"https:\/\/secure.gravatar.com\/avatar\/5ec210f7c367b53a5b2c9f3ee03ce59b20d7cec0ce631544e537c308cdd82adc?s=96&d=mm&r=g","contentUrl":"https:\/\/secure.gravatar.com\/avatar\/5ec210f7c367b53a5b2c9f3ee03ce59b20d7cec0ce631544e537c308cdd82adc?s=96&d=mm&r=g","caption":"EP"},"sameAs":["https:\/\/www.toutsurfroment.fr\/VERSION4"],"url":"https:\/\/www.toutsurfroment.fr\/VERSION4\/index.php\/author\/ep\/"}]}},"_links":{"self":[{"href":"https:\/\/www.toutsurfroment.fr\/VERSION4\/index.php\/wp-json\/wp\/v2\/posts\/1984","targetHints":{"allow":["GET"]}}],"collection":[{"href":"https:\/\/www.toutsurfroment.fr\/VERSION4\/index.php\/wp-json\/wp\/v2\/posts"}],"about":[{"href":"https:\/\/www.toutsurfroment.fr\/VERSION4\/index.php\/wp-json\/wp\/v2\/types\/post"}],"author":[{"embeddable":true,"href":"https:\/\/www.toutsurfroment.fr\/VERSION4\/index.php\/wp-json\/wp\/v2\/users\/1"}],"replies":[{"embeddable":true,"href":"https:\/\/www.toutsurfroment.fr\/VERSION4\/index.php\/wp-json\/wp\/v2\/comments?post=1984"}],"version-history":[{"count":3,"href":"https:\/\/www.toutsurfroment.fr\/VERSION4\/index.php\/wp-json\/wp\/v2\/posts\/1984\/revisions"}],"predecessor-version":[{"id":1996,"href":"https:\/\/www.toutsurfroment.fr\/VERSION4\/index.php\/wp-json\/wp\/v2\/posts\/1984\/revisions\/1996"}],"wp:featuredmedia":[{"embeddable":true,"href":"https:\/\/www.toutsurfroment.fr\/VERSION4\/index.php\/wp-json\/wp\/v2\/media\/1997"}],"wp:attachment":[{"href":"https:\/\/www.toutsurfroment.fr\/VERSION4\/index.php\/wp-json\/wp\/v2\/media?parent=1984"}],"wp:term":[{"taxonomy":"category","embeddable":true,"href":"https:\/\/www.toutsurfroment.fr\/VERSION4\/index.php\/wp-json\/wp\/v2\/categories?post=1984"},{"taxonomy":"post_tag","embeddable":true,"href":"https:\/\/www.toutsurfroment.fr\/VERSION4\/index.php\/wp-json\/wp\/v2\/tags?post=1984"}],"curies":[{"name":"wp","href":"https:\/\/api.w.org\/{rel}","templated":true}]}}