
{"id":2018,"date":"2025-03-30T12:23:06","date_gmt":"2025-03-30T10:23:06","guid":{"rendered":"https:\/\/www.toutsurfroment.fr\/VERSION4\/?p=2018"},"modified":"2025-04-22T23:07:33","modified_gmt":"2025-04-22T21:07:33","slug":"la-ceremonie-de-la-remise-du-cesar-des-lyceens","status":"publish","type":"post","link":"https:\/\/www.toutsurfroment.fr\/VERSION4\/index.php\/2025\/03\/30\/la-ceremonie-de-la-remise-du-cesar-des-lyceens\/","title":{"rendered":"La c\u00e9r\u00e9monie de la remise du C\u00e9sar des Lyc\u00e9ens"},"content":{"rendered":"\n<p>Ci-dessous, la totalit\u00e9 de la c\u00e9r\u00e9monie de la remise du C\u00e9sar des Lyc\u00e9ens \u00e0 la Sorbonne.<\/p>\n\n\n\n<p>La repr\u00e9sentante de notre lyc\u00e9e prend le micro \u00e0 1 heure 47 secondes. C&#8217;est Lilou !<\/p>\n\n\n\n<p>Bon visionnage !<\/p>\n\n\n\n<figure class=\"wp-block-video\"><video controls src=\"https:\/\/www.toutsurfroment.fr\/VERSION4\/VIDEO\/CESAR.mp4\"><\/video><\/figure>\n","protected":false},"excerpt":{"rendered":"<p>L&#8217;int\u00e9gralit\u00e9 de la c\u00e9r\u00e9monie de la remise du C\u00e9sar des Lyc\u00e9ens \u00e0 la Sorbonne<\/p>\n","protected":false},"author":1,"featured_media":2022,"comment_status":"open","ping_status":"open","sticky":false,"template":"","format":"standard","meta":{"footnotes":""},"categories":[1,32],"tags":[],"class_list":["post-2018","post","type-post","status-publish","format-standard","has-post-thumbnail","hentry","category-non-classe","category-video"],"yoast_head":"<!-- This site is optimized with the Yoast SEO plugin v24.5 - https:\/\/yoast.com\/wordpress\/plugins\/seo\/ -->\n<title>La c\u00e9r\u00e9monie de la remise du C\u00e9sar des Lyc\u00e9ens - TSF<\/title>\n<meta name=\"robots\" content=\"index, follow, max-snippet:-1, max-image-preview:large, max-video-preview:-1\" \/>\n<link rel=\"canonical\" href=\"https:\/\/www.toutsurfroment.fr\/VERSION4\/index.php\/2025\/03\/30\/la-ceremonie-de-la-remise-du-cesar-des-lyceens\/\" \/>\n<meta property=\"og:locale\" content=\"fr_FR\" \/>\n<meta property=\"og:type\" content=\"article\" \/>\n<meta property=\"og:title\" content=\"La c\u00e9r\u00e9monie de la remise du C\u00e9sar des Lyc\u00e9ens - TSF\" \/>\n<meta property=\"og:description\" content=\"L&#039;int\u00e9gralit\u00e9 de la c\u00e9r\u00e9monie de la remise du C\u00e9sar des Lyc\u00e9ens \u00e0 la Sorbonne\" \/>\n<meta property=\"og:url\" content=\"https:\/\/www.toutsurfroment.fr\/VERSION4\/index.php\/2025\/03\/30\/la-ceremonie-de-la-remise-du-cesar-des-lyceens\/\" \/>\n<meta property=\"og:site_name\" content=\"TSF\" \/>\n<meta property=\"article:publisher\" content=\"https:\/\/www.facebook.com\/profile.php?id=100087797830804\" \/>\n<meta property=\"article:published_time\" content=\"2025-03-30T10:23:06+00:00\" \/>\n<meta property=\"article:modified_time\" content=\"2025-04-22T21:07:33+00:00\" \/>\n<meta property=\"og:image\" content=\"https:\/\/www.toutsurfroment.fr\/VERSION4\/wp-content\/uploads\/2025\/03\/Minet2.png\" \/>\n\t<meta property=\"og:image:width\" content=\"960\" \/>\n\t<meta property=\"og:image:height\" content=\"640\" \/>\n\t<meta property=\"og:image:type\" content=\"image\/png\" \/>\n<meta name=\"author\" content=\"EP\" \/>\n<meta name=\"twitter:card\" content=\"summary_large_image\" \/>\n<meta name=\"twitter:label1\" content=\"\u00c9crit par\" \/>\n\t<meta name=\"twitter:data1\" content=\"EP\" \/>\n\t<meta name=\"twitter:label2\" content=\"Dur\u00e9e de lecture estim\u00e9e\" \/>\n\t<meta name=\"twitter:data2\" content=\"1 minute\" \/>\n<script type=\"application\/ld+json\" class=\"yoast-schema-graph\">{\"@context\":\"https:\/\/schema.org\",\"@graph\":[{\"@type\":\"Article\",\"@id\":\"https:\/\/www.toutsurfroment.fr\/VERSION4\/index.php\/2025\/03\/30\/la-ceremonie-de-la-remise-du-cesar-des-lyceens\/#article\",\"isPartOf\":{\"@id\":\"https:\/\/www.toutsurfroment.fr\/VERSION4\/index.php\/2025\/03\/30\/la-ceremonie-de-la-remise-du-cesar-des-lyceens\/\"},\"author\":{\"name\":\"EP\",\"@id\":\"https:\/\/www.toutsurfroment.fr\/VERSION4\/#\/schema\/person\/a697672b7f255e14b65903c6200e6bce\"},\"headline\":\"La c\u00e9r\u00e9monie de la remise du C\u00e9sar des Lyc\u00e9ens\",\"datePublished\":\"2025-03-30T10:23:06+00:00\",\"dateModified\":\"2025-04-22T21:07:33+00:00\",\"mainEntityOfPage\":{\"@id\":\"https:\/\/www.toutsurfroment.fr\/VERSION4\/index.php\/2025\/03\/30\/la-ceremonie-de-la-remise-du-cesar-des-lyceens\/\"},\"wordCount\":48,\"commentCount\":0,\"publisher\":{\"@id\":\"https:\/\/www.toutsurfroment.fr\/VERSION4\/#organization\"},\"image\":{\"@id\":\"https:\/\/www.toutsurfroment.fr\/VERSION4\/index.php\/2025\/03\/30\/la-ceremonie-de-la-remise-du-cesar-des-lyceens\/#primaryimage\"},\"thumbnailUrl\":\"https:\/\/www.toutsurfroment.fr\/VERSION4\/wp-content\/uploads\/2025\/03\/Minet2.png\",\"articleSection\":{\"1\":\"Video\"},\"inLanguage\":\"fr-FR\",\"potentialAction\":[{\"@type\":\"CommentAction\",\"name\":\"Comment\",\"target\":[\"https:\/\/www.toutsurfroment.fr\/VERSION4\/index.php\/2025\/03\/30\/la-ceremonie-de-la-remise-du-cesar-des-lyceens\/#respond\"]}]},{\"@type\":\"WebPage\",\"@id\":\"https:\/\/www.toutsurfroment.fr\/VERSION4\/index.php\/2025\/03\/30\/la-ceremonie-de-la-remise-du-cesar-des-lyceens\/\",\"url\":\"https:\/\/www.toutsurfroment.fr\/VERSION4\/index.php\/2025\/03\/30\/la-ceremonie-de-la-remise-du-cesar-des-lyceens\/\",\"name\":\"La c\u00e9r\u00e9monie de la remise du C\u00e9sar des Lyc\u00e9ens - TSF\",\"isPartOf\":{\"@id\":\"https:\/\/www.toutsurfroment.fr\/VERSION4\/#website\"},\"primaryImageOfPage\":{\"@id\":\"https:\/\/www.toutsurfroment.fr\/VERSION4\/index.php\/2025\/03\/30\/la-ceremonie-de-la-remise-du-cesar-des-lyceens\/#primaryimage\"},\"image\":{\"@id\":\"https:\/\/www.toutsurfroment.fr\/VERSION4\/index.php\/2025\/03\/30\/la-ceremonie-de-la-remise-du-cesar-des-lyceens\/#primaryimage\"},\"thumbnailUrl\":\"https:\/\/www.toutsurfroment.fr\/VERSION4\/wp-content\/uploads\/2025\/03\/Minet2.png\",\"datePublished\":\"2025-03-30T10:23:06+00:00\",\"dateModified\":\"2025-04-22T21:07:33+00:00\",\"breadcrumb\":{\"@id\":\"https:\/\/www.toutsurfroment.fr\/VERSION4\/index.php\/2025\/03\/30\/la-ceremonie-de-la-remise-du-cesar-des-lyceens\/#breadcrumb\"},\"inLanguage\":\"fr-FR\",\"potentialAction\":[{\"@type\":\"ReadAction\",\"target\":[\"https:\/\/www.toutsurfroment.fr\/VERSION4\/index.php\/2025\/03\/30\/la-ceremonie-de-la-remise-du-cesar-des-lyceens\/\"]}]},{\"@type\":\"ImageObject\",\"inLanguage\":\"fr-FR\",\"@id\":\"https:\/\/www.toutsurfroment.fr\/VERSION4\/index.php\/2025\/03\/30\/la-ceremonie-de-la-remise-du-cesar-des-lyceens\/#primaryimage\",\"url\":\"https:\/\/www.toutsurfroment.fr\/VERSION4\/wp-content\/uploads\/2025\/03\/Minet2.png\",\"contentUrl\":\"https:\/\/www.toutsurfroment.fr\/VERSION4\/wp-content\/uploads\/2025\/03\/Minet2.png\",\"width\":960,\"height\":640},{\"@type\":\"BreadcrumbList\",\"@id\":\"https:\/\/www.toutsurfroment.fr\/VERSION4\/index.php\/2025\/03\/30\/la-ceremonie-de-la-remise-du-cesar-des-lyceens\/#breadcrumb\",\"itemListElement\":[{\"@type\":\"ListItem\",\"position\":1,\"name\":\"Accueil\",\"item\":\"https:\/\/www.toutsurfroment.fr\/VERSION4\/\"},{\"@type\":\"ListItem\",\"position\":2,\"name\":\"La c\u00e9r\u00e9monie de la remise du C\u00e9sar des Lyc\u00e9ens\"}]},{\"@type\":\"WebSite\",\"@id\":\"https:\/\/www.toutsurfroment.fr\/VERSION4\/#website\",\"url\":\"https:\/\/www.toutsurfroment.fr\/VERSION4\/\",\"name\":\"TSF\",\"description\":\"Les m\u00e9dias du lyc\u00e9e Jules Froment\",\"publisher\":{\"@id\":\"https:\/\/www.toutsurfroment.fr\/VERSION4\/#organization\"},\"potentialAction\":[{\"@type\":\"SearchAction\",\"target\":{\"@type\":\"EntryPoint\",\"urlTemplate\":\"https:\/\/www.toutsurfroment.fr\/VERSION4\/?s={search_term_string}\"},\"query-input\":{\"@type\":\"PropertyValueSpecification\",\"valueRequired\":true,\"valueName\":\"search_term_string\"}}],\"inLanguage\":\"fr-FR\"},{\"@type\":\"Organization\",\"@id\":\"https:\/\/www.toutsurfroment.fr\/VERSION4\/#organization\",\"name\":\"TSF\",\"alternateName\":\"Tout Sur Froment\",\"url\":\"https:\/\/www.toutsurfroment.fr\/VERSION4\/\",\"logo\":{\"@type\":\"ImageObject\",\"inLanguage\":\"fr-FR\",\"@id\":\"https:\/\/www.toutsurfroment.fr\/VERSION4\/#\/schema\/logo\/image\/\",\"url\":\"https:\/\/www.toutsurfroment.fr\/VERSION4\/wp-content\/uploads\/2023\/10\/cropped-TresPetit.jpg\",\"contentUrl\":\"https:\/\/www.toutsurfroment.fr\/VERSION4\/wp-content\/uploads\/2023\/10\/cropped-TresPetit.jpg\",\"width\":60,\"height\":60,\"caption\":\"TSF\"},\"image\":{\"@id\":\"https:\/\/www.toutsurfroment.fr\/VERSION4\/#\/schema\/logo\/image\/\"},\"sameAs\":[\"https:\/\/www.facebook.com\/profile.php?id=100087797830804\"]},{\"@type\":\"Person\",\"@id\":\"https:\/\/www.toutsurfroment.fr\/VERSION4\/#\/schema\/person\/a697672b7f255e14b65903c6200e6bce\",\"name\":\"EP\",\"image\":{\"@type\":\"ImageObject\",\"inLanguage\":\"fr-FR\",\"@id\":\"https:\/\/www.toutsurfroment.fr\/VERSION4\/#\/schema\/person\/image\/\",\"url\":\"https:\/\/secure.gravatar.com\/avatar\/5ec210f7c367b53a5b2c9f3ee03ce59b20d7cec0ce631544e537c308cdd82adc?s=96&d=mm&r=g\",\"contentUrl\":\"https:\/\/secure.gravatar.com\/avatar\/5ec210f7c367b53a5b2c9f3ee03ce59b20d7cec0ce631544e537c308cdd82adc?s=96&d=mm&r=g\",\"caption\":\"EP\"},\"sameAs\":[\"https:\/\/www.toutsurfroment.fr\/VERSION4\"],\"url\":\"https:\/\/www.toutsurfroment.fr\/VERSION4\/index.php\/author\/ep\/\"}]}<\/script>\n<!-- \/ Yoast SEO plugin. -->","yoast_head_json":{"title":"La c\u00e9r\u00e9monie de la remise du C\u00e9sar des Lyc\u00e9ens - TSF","robots":{"index":"index","follow":"follow","max-snippet":"max-snippet:-1","max-image-preview":"max-image-preview:large","max-video-preview":"max-video-preview:-1"},"canonical":"https:\/\/www.toutsurfroment.fr\/VERSION4\/index.php\/2025\/03\/30\/la-ceremonie-de-la-remise-du-cesar-des-lyceens\/","og_locale":"fr_FR","og_type":"article","og_title":"La c\u00e9r\u00e9monie de la remise du C\u00e9sar des Lyc\u00e9ens - TSF","og_description":"L'int\u00e9gralit\u00e9 de la c\u00e9r\u00e9monie de la remise du C\u00e9sar des Lyc\u00e9ens \u00e0 la Sorbonne","og_url":"https:\/\/www.toutsurfroment.fr\/VERSION4\/index.php\/2025\/03\/30\/la-ceremonie-de-la-remise-du-cesar-des-lyceens\/","og_site_name":"TSF","article_publisher":"https:\/\/www.facebook.com\/profile.php?id=100087797830804","article_published_time":"2025-03-30T10:23:06+00:00","article_modified_time":"2025-04-22T21:07:33+00:00","og_image":[{"width":960,"height":640,"url":"https:\/\/www.toutsurfroment.fr\/VERSION4\/wp-content\/uploads\/2025\/03\/Minet2.png","type":"image\/png"}],"author":"EP","twitter_card":"summary_large_image","twitter_misc":{"\u00c9crit par":"EP","Dur\u00e9e de lecture estim\u00e9e":"1 minute"},"schema":{"@context":"https:\/\/schema.org","@graph":[{"@type":"Article","@id":"https:\/\/www.toutsurfroment.fr\/VERSION4\/index.php\/2025\/03\/30\/la-ceremonie-de-la-remise-du-cesar-des-lyceens\/#article","isPartOf":{"@id":"https:\/\/www.toutsurfroment.fr\/VERSION4\/index.php\/2025\/03\/30\/la-ceremonie-de-la-remise-du-cesar-des-lyceens\/"},"author":{"name":"EP","@id":"https:\/\/www.toutsurfroment.fr\/VERSION4\/#\/schema\/person\/a697672b7f255e14b65903c6200e6bce"},"headline":"La c\u00e9r\u00e9monie de la remise du C\u00e9sar des Lyc\u00e9ens","datePublished":"2025-03-30T10:23:06+00:00","dateModified":"2025-04-22T21:07:33+00:00","mainEntityOfPage":{"@id":"https:\/\/www.toutsurfroment.fr\/VERSION4\/index.php\/2025\/03\/30\/la-ceremonie-de-la-remise-du-cesar-des-lyceens\/"},"wordCount":48,"commentCount":0,"publisher":{"@id":"https:\/\/www.toutsurfroment.fr\/VERSION4\/#organization"},"image":{"@id":"https:\/\/www.toutsurfroment.fr\/VERSION4\/index.php\/2025\/03\/30\/la-ceremonie-de-la-remise-du-cesar-des-lyceens\/#primaryimage"},"thumbnailUrl":"https:\/\/www.toutsurfroment.fr\/VERSION4\/wp-content\/uploads\/2025\/03\/Minet2.png","articleSection":{"1":"Video"},"inLanguage":"fr-FR","potentialAction":[{"@type":"CommentAction","name":"Comment","target":["https:\/\/www.toutsurfroment.fr\/VERSION4\/index.php\/2025\/03\/30\/la-ceremonie-de-la-remise-du-cesar-des-lyceens\/#respond"]}]},{"@type":"WebPage","@id":"https:\/\/www.toutsurfroment.fr\/VERSION4\/index.php\/2025\/03\/30\/la-ceremonie-de-la-remise-du-cesar-des-lyceens\/","url":"https:\/\/www.toutsurfroment.fr\/VERSION4\/index.php\/2025\/03\/30\/la-ceremonie-de-la-remise-du-cesar-des-lyceens\/","name":"La c\u00e9r\u00e9monie de la remise du C\u00e9sar des Lyc\u00e9ens - TSF","isPartOf":{"@id":"https:\/\/www.toutsurfroment.fr\/VERSION4\/#website"},"primaryImageOfPage":{"@id":"https:\/\/www.toutsurfroment.fr\/VERSION4\/index.php\/2025\/03\/30\/la-ceremonie-de-la-remise-du-cesar-des-lyceens\/#primaryimage"},"image":{"@id":"https:\/\/www.toutsurfroment.fr\/VERSION4\/index.php\/2025\/03\/30\/la-ceremonie-de-la-remise-du-cesar-des-lyceens\/#primaryimage"},"thumbnailUrl":"https:\/\/www.toutsurfroment.fr\/VERSION4\/wp-content\/uploads\/2025\/03\/Minet2.png","datePublished":"2025-03-30T10:23:06+00:00","dateModified":"2025-04-22T21:07:33+00:00","breadcrumb":{"@id":"https:\/\/www.toutsurfroment.fr\/VERSION4\/index.php\/2025\/03\/30\/la-ceremonie-de-la-remise-du-cesar-des-lyceens\/#breadcrumb"},"inLanguage":"fr-FR","potentialAction":[{"@type":"ReadAction","target":["https:\/\/www.toutsurfroment.fr\/VERSION4\/index.php\/2025\/03\/30\/la-ceremonie-de-la-remise-du-cesar-des-lyceens\/"]}]},{"@type":"ImageObject","inLanguage":"fr-FR","@id":"https:\/\/www.toutsurfroment.fr\/VERSION4\/index.php\/2025\/03\/30\/la-ceremonie-de-la-remise-du-cesar-des-lyceens\/#primaryimage","url":"https:\/\/www.toutsurfroment.fr\/VERSION4\/wp-content\/uploads\/2025\/03\/Minet2.png","contentUrl":"https:\/\/www.toutsurfroment.fr\/VERSION4\/wp-content\/uploads\/2025\/03\/Minet2.png","width":960,"height":640},{"@type":"BreadcrumbList","@id":"https:\/\/www.toutsurfroment.fr\/VERSION4\/index.php\/2025\/03\/30\/la-ceremonie-de-la-remise-du-cesar-des-lyceens\/#breadcrumb","itemListElement":[{"@type":"ListItem","position":1,"name":"Accueil","item":"https:\/\/www.toutsurfroment.fr\/VERSION4\/"},{"@type":"ListItem","position":2,"name":"La c\u00e9r\u00e9monie de la remise du C\u00e9sar des Lyc\u00e9ens"}]},{"@type":"WebSite","@id":"https:\/\/www.toutsurfroment.fr\/VERSION4\/#website","url":"https:\/\/www.toutsurfroment.fr\/VERSION4\/","name":"TSF","description":"Les m\u00e9dias du lyc\u00e9e Jules Froment","publisher":{"@id":"https:\/\/www.toutsurfroment.fr\/VERSION4\/#organization"},"potentialAction":[{"@type":"SearchAction","target":{"@type":"EntryPoint","urlTemplate":"https:\/\/www.toutsurfroment.fr\/VERSION4\/?s={search_term_string}"},"query-input":{"@type":"PropertyValueSpecification","valueRequired":true,"valueName":"search_term_string"}}],"inLanguage":"fr-FR"},{"@type":"Organization","@id":"https:\/\/www.toutsurfroment.fr\/VERSION4\/#organization","name":"TSF","alternateName":"Tout Sur Froment","url":"https:\/\/www.toutsurfroment.fr\/VERSION4\/","logo":{"@type":"ImageObject","inLanguage":"fr-FR","@id":"https:\/\/www.toutsurfroment.fr\/VERSION4\/#\/schema\/logo\/image\/","url":"https:\/\/www.toutsurfroment.fr\/VERSION4\/wp-content\/uploads\/2023\/10\/cropped-TresPetit.jpg","contentUrl":"https:\/\/www.toutsurfroment.fr\/VERSION4\/wp-content\/uploads\/2023\/10\/cropped-TresPetit.jpg","width":60,"height":60,"caption":"TSF"},"image":{"@id":"https:\/\/www.toutsurfroment.fr\/VERSION4\/#\/schema\/logo\/image\/"},"sameAs":["https:\/\/www.facebook.com\/profile.php?id=100087797830804"]},{"@type":"Person","@id":"https:\/\/www.toutsurfroment.fr\/VERSION4\/#\/schema\/person\/a697672b7f255e14b65903c6200e6bce","name":"EP","image":{"@type":"ImageObject","inLanguage":"fr-FR","@id":"https:\/\/www.toutsurfroment.fr\/VERSION4\/#\/schema\/person\/image\/","url":"https:\/\/secure.gravatar.com\/avatar\/5ec210f7c367b53a5b2c9f3ee03ce59b20d7cec0ce631544e537c308cdd82adc?s=96&d=mm&r=g","contentUrl":"https:\/\/secure.gravatar.com\/avatar\/5ec210f7c367b53a5b2c9f3ee03ce59b20d7cec0ce631544e537c308cdd82adc?s=96&d=mm&r=g","caption":"EP"},"sameAs":["https:\/\/www.toutsurfroment.fr\/VERSION4"],"url":"https:\/\/www.toutsurfroment.fr\/VERSION4\/index.php\/author\/ep\/"}]}},"_links":{"self":[{"href":"https:\/\/www.toutsurfroment.fr\/VERSION4\/index.php\/wp-json\/wp\/v2\/posts\/2018","targetHints":{"allow":["GET"]}}],"collection":[{"href":"https:\/\/www.toutsurfroment.fr\/VERSION4\/index.php\/wp-json\/wp\/v2\/posts"}],"about":[{"href":"https:\/\/www.toutsurfroment.fr\/VERSION4\/index.php\/wp-json\/wp\/v2\/types\/post"}],"author":[{"embeddable":true,"href":"https:\/\/www.toutsurfroment.fr\/VERSION4\/index.php\/wp-json\/wp\/v2\/users\/1"}],"replies":[{"embeddable":true,"href":"https:\/\/www.toutsurfroment.fr\/VERSION4\/index.php\/wp-json\/wp\/v2\/comments?post=2018"}],"version-history":[{"count":4,"href":"https:\/\/www.toutsurfroment.fr\/VERSION4\/index.php\/wp-json\/wp\/v2\/posts\/2018\/revisions"}],"predecessor-version":[{"id":2026,"href":"https:\/\/www.toutsurfroment.fr\/VERSION4\/index.php\/wp-json\/wp\/v2\/posts\/2018\/revisions\/2026"}],"wp:featuredmedia":[{"embeddable":true,"href":"https:\/\/www.toutsurfroment.fr\/VERSION4\/index.php\/wp-json\/wp\/v2\/media\/2022"}],"wp:attachment":[{"href":"https:\/\/www.toutsurfroment.fr\/VERSION4\/index.php\/wp-json\/wp\/v2\/media?parent=2018"}],"wp:term":[{"taxonomy":"category","embeddable":true,"href":"https:\/\/www.toutsurfroment.fr\/VERSION4\/index.php\/wp-json\/wp\/v2\/categories?post=2018"},{"taxonomy":"post_tag","embeddable":true,"href":"https:\/\/www.toutsurfroment.fr\/VERSION4\/index.php\/wp-json\/wp\/v2\/tags?post=2018"}],"curies":[{"name":"wp","href":"https:\/\/api.w.org\/{rel}","templated":true}]}}