
{"id":2052,"date":"2025-04-08T20:04:25","date_gmt":"2025-04-08T18:04:25","guid":{"rendered":"https:\/\/www.toutsurfroment.fr\/VERSION4\/?p=2052"},"modified":"2025-04-08T20:14:48","modified_gmt":"2025-04-08T18:14:48","slug":"le-comte-de-monte-cristo-a-eu-la-mention-tres-bien-au-bac","status":"publish","type":"post","link":"https:\/\/www.toutsurfroment.fr\/VERSION4\/index.php\/2025\/04\/08\/le-comte-de-monte-cristo-a-eu-la-mention-tres-bien-au-bac\/","title":{"rendered":"Le comte de Monte-Cristo a eu la mention tr\u00e8s bien au bac !"},"content":{"rendered":"\n<p><\/p>\n\n\n\n<div class=\"wp-block-columns is-layout-flex wp-container-core-columns-is-layout-9d6595d7 wp-block-columns-is-layout-flex\">\n<div class=\"wp-block-column is-layout-flow wp-block-column-is-layout-flow\">\n<p>\u00c9l\u00e8ves au lyc\u00e9e Jules Froment et faisant partie de la sp\u00e9cialit\u00e9 HLP, le mercredi 26 mars, nous avons eu l\u2019honneur et le plaisir d\u2019assister au C\u00e9sar des Lyc\u00e9ens 2025. Plus de suspense : c\u2019est, bien \u00e9videmment, \u00e0 notre plus grand bonheur que <em>Le Comte de Monte-Cristo<\/em> a remport\u00e9 ce C\u00e9sar. Mais faisons un retour en arri\u00e8re\u2026 Madame Valente, notre tr\u00e8s ch\u00e8re professeure de litt\u00e9rature, nous a vaguement parl\u00e9 d\u2019un projet de C\u00e9sar avec des films choisis en amont. Nous avons commenc\u00e9 par regarder les bandes-annonces, puis, au fur et \u00e0 mesure de l\u2019ann\u00e9e, nous nous sommes rendus cinq fois au cin\u00e9ma Le Navire \u00e0 Aubenas avec l\u2019aide de Clothilde. Apr\u00e8s cela, nous avons fait la rencontre de Monsieur Aur\u00e9lien L\u00e9v\u00eaque, qui est venu directement au lyc\u00e9e nous former sur la fa\u00e7on de bien juger un film. L\u2019heure du vote se rapprochait de plus en plus, et pour l\u2019occasion, nous avons r\u00e9alis\u00e9 chacun une affiche dans la couleur et le th\u00e8me du film que nous avions choisi. Madame Valente les a ensuite fait passer \u00e0 notre correspondant, Monsieur \u00c9ric Rostand, avant la date butoir. \u00c0 partir de l\u00e0, nous attendions tous impatiemment le verdict\u2026 Serions-nous invit\u00e9s \u00e0 la c\u00e9r\u00e9monie \u00e0 la Sorbonne ? Et le 17 janvier 2025, Madame Valente nous transf\u00e8re le mail de Monsieur Rostand, qui nous informe que le lyc\u00e9e a \u00e9t\u00e9 retenu pour participer \u00e0 la c\u00e9r\u00e9monie. \u00c0 ce moment-l\u00e0, nous nous mettons en \u0153uvre pour organiser ce voyage ; le lyc\u00e9e fait appel \u00e0 une association pour nous aider \u00e0 financer le d\u00e9placement. Et mercredi 26 mars, nous partons pour\u2026 Paris !!!<\/p>\n\n\n\n<p>\u00c0 la suite de quelques impr\u00e9vus, nous arrivons tous \u00e0 l\u2019heure dans le grand amphith\u00e9\u00e2tre de la Sorbonne. Tout le monde en prend plein la vue. Avant d\u2019entrer dans la salle, l\u2019excitation est \u00e0 son apog\u00e9e car nous voyons d\u00e9j\u00e0 les costumes du Comte, de Hayd\u00e9e et de Merc\u00e9d\u00e8s. On nous installe sur nos rang\u00e9es et, quelle chance, nous sommes plac\u00e9s tout devant, au plus pr\u00e8s de la sc\u00e8ne ! La premi\u00e8re chose qu\u2019on d\u00e9couvre tous \u2013 et la meilleure nouvelle (surtout pour les filles) \u2013 c\u2019est : \u00ab IL Y A PIERRE NINEY ! \u00bb En effet, sur une des chaises sur la sc\u00e8ne, nous apercevons un papier avec son nom inscrit dessus. Je nous revois tous nous regarder, \u00e0 moiti\u00e9 en train de rire, \u00e0 moiti\u00e9 d\u00e9j\u00e0 nostalgiques du moment, et surtout en train de se dire quelle chance nous avons d\u2019\u00eatre l\u00e0. L\u2019\u00e9quipe du film arrive sur sc\u00e8ne, accompagn\u00e9e de Madame Borne et du pr\u00e9sident de l\u2019Acad\u00e9mie des C\u00e9sars. Dans mes souvenirs, nous \u00e9tions 600 \u00e9l\u00e8ves pr\u00e9sents dans l\u2019amphith\u00e9\u00e2tre et, d\u00e8s leur entr\u00e9e, c\u2019est un v\u00e9ritable tonnerre d\u2019applaudissements qui les accueille. M\u00eame nous sommes \u00e9tonn\u00e9s de faire autant de bruit ! Madame Borne et Monsieur Sobelman nous ont r\u00e9serv\u00e9 de beaux discours. Mais Pierre Niney prend le micro, tr\u00e8s \u00e9mu de voir tant de monde \u2013 nous aussi sommes \u00e9mus de le voir. Il commence par nous faire rire, puis il nous lit le message d\u2019Alexandre de La Patelli\u00e8re et Matthieu Delaporte, les deux r\u00e9alisateurs, qui \u00e9taient malheureusement au Japon ce jour-l\u00e0.<\/p>\n\n\n\n<p>Par la suite, nous avons droit \u00e0 plus d\u2019une heure et demie de questions-r\u00e9ponses avec toute l\u2019\u00e9quipe du film confondue. Je pense que c\u2019est la meilleure id\u00e9e qu\u2019ait pu avoir l\u2019organisation des C\u00e9sars : c\u2019est quelque chose qui nous a beaucoup apport\u00e9. On a pu rire aux anecdotes de Pierre Niney et de Julien de Saint Jean, et comprendre beaucoup de choses par rapport au film. Le d\u00e9part fut compliqu\u00e9. Devant la Sorbonne, nous avons pu prendre des photos avec Patrick Mille, Ad\u00e8le Simphal et Anamaria Vartolomei, qui \u00e9taient absolument g\u00e9niaux, gentils et patients. Malheureusement, nous avons rat\u00e9 le train pour rentrer sur Aubenas, mais c\u2019\u00e9tait pour la bonne cause !!! C\u2019\u00e9tait une exp\u00e9rience fabuleuse qui nous a boulevers\u00e9s. Nous sommes des \u00e9l\u00e8ves tr\u00e8s chanceux gr\u00e2ce \u00e0 Madame Valente, qui a pris le temps de valoriser nos profils aupr\u00e8s de Monsieur Rostand pour que le lyc\u00e9e Jules Froment puisse assister \u00e0 un si grand \u00e9v\u00e9nement. Je pense que nous lui sommes tous tr\u00e8s reconnaissants. Et faites un tour sur le compte Instagram de Pierre Niney : vous pourrez nous apercevoir (nous faisons de grands gestes), \u00e0 vous de jouer !!<\/p>\n\n\n\n<p class=\"has-text-align-right\">Lalie<\/p>\n<\/div>\n\n\n\n<div class=\"wp-block-column is-layout-flow wp-block-column-is-layout-flow\">\n<figure class=\"wp-block-image size-large\"><img loading=\"lazy\" decoding=\"async\" width=\"1024\" height=\"576\" src=\"https:\/\/www.toutsurfroment.fr\/VERSION4\/wp-content\/uploads\/2025\/04\/IMG_1389-1024x576.jpeg\" alt=\"\" class=\"wp-image-2054\" srcset=\"https:\/\/www.toutsurfroment.fr\/VERSION4\/wp-content\/uploads\/2025\/04\/IMG_1389-1024x576.jpeg 1024w, https:\/\/www.toutsurfroment.fr\/VERSION4\/wp-content\/uploads\/2025\/04\/IMG_1389-300x169.jpeg 300w, https:\/\/www.toutsurfroment.fr\/VERSION4\/wp-content\/uploads\/2025\/04\/IMG_1389-768x432.jpeg 768w, https:\/\/www.toutsurfroment.fr\/VERSION4\/wp-content\/uploads\/2025\/04\/IMG_1389-1536x864.jpeg 1536w, https:\/\/www.toutsurfroment.fr\/VERSION4\/wp-content\/uploads\/2025\/04\/IMG_1389-2048x1152.jpeg 2048w\" sizes=\"auto, (max-width: 1024px) 100vw, 1024px\" \/><\/figure>\n\n\n\n<figure class=\"wp-block-image size-large\"><img loading=\"lazy\" decoding=\"async\" width=\"1024\" height=\"758\" src=\"https:\/\/www.toutsurfroment.fr\/VERSION4\/wp-content\/uploads\/2025\/04\/C4-1024x758.png\" alt=\"\" class=\"wp-image-2055\" srcset=\"https:\/\/www.toutsurfroment.fr\/VERSION4\/wp-content\/uploads\/2025\/04\/C4-1024x758.png 1024w, https:\/\/www.toutsurfroment.fr\/VERSION4\/wp-content\/uploads\/2025\/04\/C4-300x222.png 300w, https:\/\/www.toutsurfroment.fr\/VERSION4\/wp-content\/uploads\/2025\/04\/C4-768x569.png 768w, https:\/\/www.toutsurfroment.fr\/VERSION4\/wp-content\/uploads\/2025\/04\/C4.png 1156w\" sizes=\"auto, (max-width: 1024px) 100vw, 1024px\" \/><\/figure>\n\n\n\n<figure class=\"wp-block-image size-full\"><img loading=\"lazy\" decoding=\"async\" width=\"646\" height=\"864\" src=\"https:\/\/www.toutsurfroment.fr\/VERSION4\/wp-content\/uploads\/2025\/04\/C3.png\" alt=\"\" class=\"wp-image-2056\" srcset=\"https:\/\/www.toutsurfroment.fr\/VERSION4\/wp-content\/uploads\/2025\/04\/C3.png 646w, https:\/\/www.toutsurfroment.fr\/VERSION4\/wp-content\/uploads\/2025\/04\/C3-224x300.png 224w\" sizes=\"auto, (max-width: 646px) 100vw, 646px\" \/><\/figure>\n<\/div>\n<\/div>\n\n\n\n<p><\/p>\n\n\n\n<p><\/p>\n","protected":false},"excerpt":{"rendered":"<p>Un article de Lalie (TG2) sur le film Le Comte de Monte-Cristo<\/p>\n","protected":false},"author":1,"featured_media":2058,"comment_status":"open","ping_status":"open","sticky":false,"template":"","format":"standard","meta":{"footnotes":""},"categories":[1],"tags":[],"class_list":["post-2052","post","type-post","status-publish","format-standard","has-post-thumbnail","hentry","category-non-classe"],"yoast_head":"<!-- This site is optimized with the Yoast SEO plugin v24.5 - https:\/\/yoast.com\/wordpress\/plugins\/seo\/ -->\n<title>Le comte de Monte-Cristo a eu la mention tr\u00e8s bien au bac ! - TSF<\/title>\n<meta name=\"robots\" content=\"index, follow, max-snippet:-1, max-image-preview:large, max-video-preview:-1\" \/>\n<link rel=\"canonical\" href=\"https:\/\/www.toutsurfroment.fr\/VERSION4\/index.php\/2025\/04\/08\/le-comte-de-monte-cristo-a-eu-la-mention-tres-bien-au-bac\/\" \/>\n<meta property=\"og:locale\" content=\"fr_FR\" \/>\n<meta property=\"og:type\" content=\"article\" \/>\n<meta property=\"og:title\" content=\"Le comte de Monte-Cristo a eu la mention tr\u00e8s bien au bac ! - TSF\" \/>\n<meta property=\"og:description\" content=\"Un article de Lalie (TG2) sur le film Le Comte de Monte-Cristo\" \/>\n<meta property=\"og:url\" content=\"https:\/\/www.toutsurfroment.fr\/VERSION4\/index.php\/2025\/04\/08\/le-comte-de-monte-cristo-a-eu-la-mention-tres-bien-au-bac\/\" \/>\n<meta property=\"og:site_name\" content=\"TSF\" \/>\n<meta property=\"article:publisher\" content=\"https:\/\/www.facebook.com\/profile.php?id=100087797830804\" \/>\n<meta property=\"article:published_time\" content=\"2025-04-08T18:04:25+00:00\" \/>\n<meta property=\"article:modified_time\" content=\"2025-04-08T18:14:48+00:00\" \/>\n<meta property=\"og:image\" content=\"https:\/\/www.toutsurfroment.fr\/VERSION4\/wp-content\/uploads\/2025\/04\/Monte.png\" \/>\n\t<meta property=\"og:image:width\" content=\"960\" \/>\n\t<meta property=\"og:image:height\" content=\"640\" \/>\n\t<meta property=\"og:image:type\" content=\"image\/png\" \/>\n<meta name=\"author\" content=\"EP\" \/>\n<meta name=\"twitter:card\" content=\"summary_large_image\" \/>\n<meta name=\"twitter:label1\" content=\"\u00c9crit par\" \/>\n\t<meta name=\"twitter:data1\" content=\"EP\" \/>\n\t<meta name=\"twitter:label2\" content=\"Dur\u00e9e de lecture estim\u00e9e\" \/>\n\t<meta name=\"twitter:data2\" content=\"5 minutes\" \/>\n<script type=\"application\/ld+json\" class=\"yoast-schema-graph\">{\"@context\":\"https:\/\/schema.org\",\"@graph\":[{\"@type\":\"Article\",\"@id\":\"https:\/\/www.toutsurfroment.fr\/VERSION4\/index.php\/2025\/04\/08\/le-comte-de-monte-cristo-a-eu-la-mention-tres-bien-au-bac\/#article\",\"isPartOf\":{\"@id\":\"https:\/\/www.toutsurfroment.fr\/VERSION4\/index.php\/2025\/04\/08\/le-comte-de-monte-cristo-a-eu-la-mention-tres-bien-au-bac\/\"},\"author\":{\"name\":\"EP\",\"@id\":\"https:\/\/www.toutsurfroment.fr\/VERSION4\/#\/schema\/person\/a697672b7f255e14b65903c6200e6bce\"},\"headline\":\"Le comte de Monte-Cristo a eu la mention tr\u00e8s bien au bac !\",\"datePublished\":\"2025-04-08T18:04:25+00:00\",\"dateModified\":\"2025-04-08T18:14:48+00:00\",\"mainEntityOfPage\":{\"@id\":\"https:\/\/www.toutsurfroment.fr\/VERSION4\/index.php\/2025\/04\/08\/le-comte-de-monte-cristo-a-eu-la-mention-tres-bien-au-bac\/\"},\"wordCount\":787,\"commentCount\":0,\"publisher\":{\"@id\":\"https:\/\/www.toutsurfroment.fr\/VERSION4\/#organization\"},\"image\":{\"@id\":\"https:\/\/www.toutsurfroment.fr\/VERSION4\/index.php\/2025\/04\/08\/le-comte-de-monte-cristo-a-eu-la-mention-tres-bien-au-bac\/#primaryimage\"},\"thumbnailUrl\":\"https:\/\/www.toutsurfroment.fr\/VERSION4\/wp-content\/uploads\/2025\/04\/Monte.png\",\"inLanguage\":\"fr-FR\",\"potentialAction\":[{\"@type\":\"CommentAction\",\"name\":\"Comment\",\"target\":[\"https:\/\/www.toutsurfroment.fr\/VERSION4\/index.php\/2025\/04\/08\/le-comte-de-monte-cristo-a-eu-la-mention-tres-bien-au-bac\/#respond\"]}]},{\"@type\":\"WebPage\",\"@id\":\"https:\/\/www.toutsurfroment.fr\/VERSION4\/index.php\/2025\/04\/08\/le-comte-de-monte-cristo-a-eu-la-mention-tres-bien-au-bac\/\",\"url\":\"https:\/\/www.toutsurfroment.fr\/VERSION4\/index.php\/2025\/04\/08\/le-comte-de-monte-cristo-a-eu-la-mention-tres-bien-au-bac\/\",\"name\":\"Le comte de Monte-Cristo a eu la mention tr\u00e8s bien au bac ! - TSF\",\"isPartOf\":{\"@id\":\"https:\/\/www.toutsurfroment.fr\/VERSION4\/#website\"},\"primaryImageOfPage\":{\"@id\":\"https:\/\/www.toutsurfroment.fr\/VERSION4\/index.php\/2025\/04\/08\/le-comte-de-monte-cristo-a-eu-la-mention-tres-bien-au-bac\/#primaryimage\"},\"image\":{\"@id\":\"https:\/\/www.toutsurfroment.fr\/VERSION4\/index.php\/2025\/04\/08\/le-comte-de-monte-cristo-a-eu-la-mention-tres-bien-au-bac\/#primaryimage\"},\"thumbnailUrl\":\"https:\/\/www.toutsurfroment.fr\/VERSION4\/wp-content\/uploads\/2025\/04\/Monte.png\",\"datePublished\":\"2025-04-08T18:04:25+00:00\",\"dateModified\":\"2025-04-08T18:14:48+00:00\",\"breadcrumb\":{\"@id\":\"https:\/\/www.toutsurfroment.fr\/VERSION4\/index.php\/2025\/04\/08\/le-comte-de-monte-cristo-a-eu-la-mention-tres-bien-au-bac\/#breadcrumb\"},\"inLanguage\":\"fr-FR\",\"potentialAction\":[{\"@type\":\"ReadAction\",\"target\":[\"https:\/\/www.toutsurfroment.fr\/VERSION4\/index.php\/2025\/04\/08\/le-comte-de-monte-cristo-a-eu-la-mention-tres-bien-au-bac\/\"]}]},{\"@type\":\"ImageObject\",\"inLanguage\":\"fr-FR\",\"@id\":\"https:\/\/www.toutsurfroment.fr\/VERSION4\/index.php\/2025\/04\/08\/le-comte-de-monte-cristo-a-eu-la-mention-tres-bien-au-bac\/#primaryimage\",\"url\":\"https:\/\/www.toutsurfroment.fr\/VERSION4\/wp-content\/uploads\/2025\/04\/Monte.png\",\"contentUrl\":\"https:\/\/www.toutsurfroment.fr\/VERSION4\/wp-content\/uploads\/2025\/04\/Monte.png\",\"width\":960,\"height\":640},{\"@type\":\"BreadcrumbList\",\"@id\":\"https:\/\/www.toutsurfroment.fr\/VERSION4\/index.php\/2025\/04\/08\/le-comte-de-monte-cristo-a-eu-la-mention-tres-bien-au-bac\/#breadcrumb\",\"itemListElement\":[{\"@type\":\"ListItem\",\"position\":1,\"name\":\"Accueil\",\"item\":\"https:\/\/www.toutsurfroment.fr\/VERSION4\/\"},{\"@type\":\"ListItem\",\"position\":2,\"name\":\"Le comte de Monte-Cristo a eu la mention tr\u00e8s bien au bac !\"}]},{\"@type\":\"WebSite\",\"@id\":\"https:\/\/www.toutsurfroment.fr\/VERSION4\/#website\",\"url\":\"https:\/\/www.toutsurfroment.fr\/VERSION4\/\",\"name\":\"TSF\",\"description\":\"Les m\u00e9dias du lyc\u00e9e Jules Froment\",\"publisher\":{\"@id\":\"https:\/\/www.toutsurfroment.fr\/VERSION4\/#organization\"},\"potentialAction\":[{\"@type\":\"SearchAction\",\"target\":{\"@type\":\"EntryPoint\",\"urlTemplate\":\"https:\/\/www.toutsurfroment.fr\/VERSION4\/?s={search_term_string}\"},\"query-input\":{\"@type\":\"PropertyValueSpecification\",\"valueRequired\":true,\"valueName\":\"search_term_string\"}}],\"inLanguage\":\"fr-FR\"},{\"@type\":\"Organization\",\"@id\":\"https:\/\/www.toutsurfroment.fr\/VERSION4\/#organization\",\"name\":\"TSF\",\"alternateName\":\"Tout Sur Froment\",\"url\":\"https:\/\/www.toutsurfroment.fr\/VERSION4\/\",\"logo\":{\"@type\":\"ImageObject\",\"inLanguage\":\"fr-FR\",\"@id\":\"https:\/\/www.toutsurfroment.fr\/VERSION4\/#\/schema\/logo\/image\/\",\"url\":\"https:\/\/www.toutsurfroment.fr\/VERSION4\/wp-content\/uploads\/2023\/10\/cropped-TresPetit.jpg\",\"contentUrl\":\"https:\/\/www.toutsurfroment.fr\/VERSION4\/wp-content\/uploads\/2023\/10\/cropped-TresPetit.jpg\",\"width\":60,\"height\":60,\"caption\":\"TSF\"},\"image\":{\"@id\":\"https:\/\/www.toutsurfroment.fr\/VERSION4\/#\/schema\/logo\/image\/\"},\"sameAs\":[\"https:\/\/www.facebook.com\/profile.php?id=100087797830804\"]},{\"@type\":\"Person\",\"@id\":\"https:\/\/www.toutsurfroment.fr\/VERSION4\/#\/schema\/person\/a697672b7f255e14b65903c6200e6bce\",\"name\":\"EP\",\"image\":{\"@type\":\"ImageObject\",\"inLanguage\":\"fr-FR\",\"@id\":\"https:\/\/www.toutsurfroment.fr\/VERSION4\/#\/schema\/person\/image\/\",\"url\":\"https:\/\/secure.gravatar.com\/avatar\/5ec210f7c367b53a5b2c9f3ee03ce59b20d7cec0ce631544e537c308cdd82adc?s=96&d=mm&r=g\",\"contentUrl\":\"https:\/\/secure.gravatar.com\/avatar\/5ec210f7c367b53a5b2c9f3ee03ce59b20d7cec0ce631544e537c308cdd82adc?s=96&d=mm&r=g\",\"caption\":\"EP\"},\"sameAs\":[\"https:\/\/www.toutsurfroment.fr\/VERSION4\"],\"url\":\"https:\/\/www.toutsurfroment.fr\/VERSION4\/index.php\/author\/ep\/\"}]}<\/script>\n<!-- \/ Yoast SEO plugin. -->","yoast_head_json":{"title":"Le comte de Monte-Cristo a eu la mention tr\u00e8s bien au bac ! - TSF","robots":{"index":"index","follow":"follow","max-snippet":"max-snippet:-1","max-image-preview":"max-image-preview:large","max-video-preview":"max-video-preview:-1"},"canonical":"https:\/\/www.toutsurfroment.fr\/VERSION4\/index.php\/2025\/04\/08\/le-comte-de-monte-cristo-a-eu-la-mention-tres-bien-au-bac\/","og_locale":"fr_FR","og_type":"article","og_title":"Le comte de Monte-Cristo a eu la mention tr\u00e8s bien au bac ! - TSF","og_description":"Un article de Lalie (TG2) sur le film Le Comte de Monte-Cristo","og_url":"https:\/\/www.toutsurfroment.fr\/VERSION4\/index.php\/2025\/04\/08\/le-comte-de-monte-cristo-a-eu-la-mention-tres-bien-au-bac\/","og_site_name":"TSF","article_publisher":"https:\/\/www.facebook.com\/profile.php?id=100087797830804","article_published_time":"2025-04-08T18:04:25+00:00","article_modified_time":"2025-04-08T18:14:48+00:00","og_image":[{"width":960,"height":640,"url":"https:\/\/www.toutsurfroment.fr\/VERSION4\/wp-content\/uploads\/2025\/04\/Monte.png","type":"image\/png"}],"author":"EP","twitter_card":"summary_large_image","twitter_misc":{"\u00c9crit par":"EP","Dur\u00e9e de lecture estim\u00e9e":"5 minutes"},"schema":{"@context":"https:\/\/schema.org","@graph":[{"@type":"Article","@id":"https:\/\/www.toutsurfroment.fr\/VERSION4\/index.php\/2025\/04\/08\/le-comte-de-monte-cristo-a-eu-la-mention-tres-bien-au-bac\/#article","isPartOf":{"@id":"https:\/\/www.toutsurfroment.fr\/VERSION4\/index.php\/2025\/04\/08\/le-comte-de-monte-cristo-a-eu-la-mention-tres-bien-au-bac\/"},"author":{"name":"EP","@id":"https:\/\/www.toutsurfroment.fr\/VERSION4\/#\/schema\/person\/a697672b7f255e14b65903c6200e6bce"},"headline":"Le comte de Monte-Cristo a eu la mention tr\u00e8s bien au bac !","datePublished":"2025-04-08T18:04:25+00:00","dateModified":"2025-04-08T18:14:48+00:00","mainEntityOfPage":{"@id":"https:\/\/www.toutsurfroment.fr\/VERSION4\/index.php\/2025\/04\/08\/le-comte-de-monte-cristo-a-eu-la-mention-tres-bien-au-bac\/"},"wordCount":787,"commentCount":0,"publisher":{"@id":"https:\/\/www.toutsurfroment.fr\/VERSION4\/#organization"},"image":{"@id":"https:\/\/www.toutsurfroment.fr\/VERSION4\/index.php\/2025\/04\/08\/le-comte-de-monte-cristo-a-eu-la-mention-tres-bien-au-bac\/#primaryimage"},"thumbnailUrl":"https:\/\/www.toutsurfroment.fr\/VERSION4\/wp-content\/uploads\/2025\/04\/Monte.png","inLanguage":"fr-FR","potentialAction":[{"@type":"CommentAction","name":"Comment","target":["https:\/\/www.toutsurfroment.fr\/VERSION4\/index.php\/2025\/04\/08\/le-comte-de-monte-cristo-a-eu-la-mention-tres-bien-au-bac\/#respond"]}]},{"@type":"WebPage","@id":"https:\/\/www.toutsurfroment.fr\/VERSION4\/index.php\/2025\/04\/08\/le-comte-de-monte-cristo-a-eu-la-mention-tres-bien-au-bac\/","url":"https:\/\/www.toutsurfroment.fr\/VERSION4\/index.php\/2025\/04\/08\/le-comte-de-monte-cristo-a-eu-la-mention-tres-bien-au-bac\/","name":"Le comte de Monte-Cristo a eu la mention tr\u00e8s bien au bac ! - TSF","isPartOf":{"@id":"https:\/\/www.toutsurfroment.fr\/VERSION4\/#website"},"primaryImageOfPage":{"@id":"https:\/\/www.toutsurfroment.fr\/VERSION4\/index.php\/2025\/04\/08\/le-comte-de-monte-cristo-a-eu-la-mention-tres-bien-au-bac\/#primaryimage"},"image":{"@id":"https:\/\/www.toutsurfroment.fr\/VERSION4\/index.php\/2025\/04\/08\/le-comte-de-monte-cristo-a-eu-la-mention-tres-bien-au-bac\/#primaryimage"},"thumbnailUrl":"https:\/\/www.toutsurfroment.fr\/VERSION4\/wp-content\/uploads\/2025\/04\/Monte.png","datePublished":"2025-04-08T18:04:25+00:00","dateModified":"2025-04-08T18:14:48+00:00","breadcrumb":{"@id":"https:\/\/www.toutsurfroment.fr\/VERSION4\/index.php\/2025\/04\/08\/le-comte-de-monte-cristo-a-eu-la-mention-tres-bien-au-bac\/#breadcrumb"},"inLanguage":"fr-FR","potentialAction":[{"@type":"ReadAction","target":["https:\/\/www.toutsurfroment.fr\/VERSION4\/index.php\/2025\/04\/08\/le-comte-de-monte-cristo-a-eu-la-mention-tres-bien-au-bac\/"]}]},{"@type":"ImageObject","inLanguage":"fr-FR","@id":"https:\/\/www.toutsurfroment.fr\/VERSION4\/index.php\/2025\/04\/08\/le-comte-de-monte-cristo-a-eu-la-mention-tres-bien-au-bac\/#primaryimage","url":"https:\/\/www.toutsurfroment.fr\/VERSION4\/wp-content\/uploads\/2025\/04\/Monte.png","contentUrl":"https:\/\/www.toutsurfroment.fr\/VERSION4\/wp-content\/uploads\/2025\/04\/Monte.png","width":960,"height":640},{"@type":"BreadcrumbList","@id":"https:\/\/www.toutsurfroment.fr\/VERSION4\/index.php\/2025\/04\/08\/le-comte-de-monte-cristo-a-eu-la-mention-tres-bien-au-bac\/#breadcrumb","itemListElement":[{"@type":"ListItem","position":1,"name":"Accueil","item":"https:\/\/www.toutsurfroment.fr\/VERSION4\/"},{"@type":"ListItem","position":2,"name":"Le comte de Monte-Cristo a eu la mention tr\u00e8s bien au bac !"}]},{"@type":"WebSite","@id":"https:\/\/www.toutsurfroment.fr\/VERSION4\/#website","url":"https:\/\/www.toutsurfroment.fr\/VERSION4\/","name":"TSF","description":"Les m\u00e9dias du lyc\u00e9e Jules Froment","publisher":{"@id":"https:\/\/www.toutsurfroment.fr\/VERSION4\/#organization"},"potentialAction":[{"@type":"SearchAction","target":{"@type":"EntryPoint","urlTemplate":"https:\/\/www.toutsurfroment.fr\/VERSION4\/?s={search_term_string}"},"query-input":{"@type":"PropertyValueSpecification","valueRequired":true,"valueName":"search_term_string"}}],"inLanguage":"fr-FR"},{"@type":"Organization","@id":"https:\/\/www.toutsurfroment.fr\/VERSION4\/#organization","name":"TSF","alternateName":"Tout Sur Froment","url":"https:\/\/www.toutsurfroment.fr\/VERSION4\/","logo":{"@type":"ImageObject","inLanguage":"fr-FR","@id":"https:\/\/www.toutsurfroment.fr\/VERSION4\/#\/schema\/logo\/image\/","url":"https:\/\/www.toutsurfroment.fr\/VERSION4\/wp-content\/uploads\/2023\/10\/cropped-TresPetit.jpg","contentUrl":"https:\/\/www.toutsurfroment.fr\/VERSION4\/wp-content\/uploads\/2023\/10\/cropped-TresPetit.jpg","width":60,"height":60,"caption":"TSF"},"image":{"@id":"https:\/\/www.toutsurfroment.fr\/VERSION4\/#\/schema\/logo\/image\/"},"sameAs":["https:\/\/www.facebook.com\/profile.php?id=100087797830804"]},{"@type":"Person","@id":"https:\/\/www.toutsurfroment.fr\/VERSION4\/#\/schema\/person\/a697672b7f255e14b65903c6200e6bce","name":"EP","image":{"@type":"ImageObject","inLanguage":"fr-FR","@id":"https:\/\/www.toutsurfroment.fr\/VERSION4\/#\/schema\/person\/image\/","url":"https:\/\/secure.gravatar.com\/avatar\/5ec210f7c367b53a5b2c9f3ee03ce59b20d7cec0ce631544e537c308cdd82adc?s=96&d=mm&r=g","contentUrl":"https:\/\/secure.gravatar.com\/avatar\/5ec210f7c367b53a5b2c9f3ee03ce59b20d7cec0ce631544e537c308cdd82adc?s=96&d=mm&r=g","caption":"EP"},"sameAs":["https:\/\/www.toutsurfroment.fr\/VERSION4"],"url":"https:\/\/www.toutsurfroment.fr\/VERSION4\/index.php\/author\/ep\/"}]}},"_links":{"self":[{"href":"https:\/\/www.toutsurfroment.fr\/VERSION4\/index.php\/wp-json\/wp\/v2\/posts\/2052","targetHints":{"allow":["GET"]}}],"collection":[{"href":"https:\/\/www.toutsurfroment.fr\/VERSION4\/index.php\/wp-json\/wp\/v2\/posts"}],"about":[{"href":"https:\/\/www.toutsurfroment.fr\/VERSION4\/index.php\/wp-json\/wp\/v2\/types\/post"}],"author":[{"embeddable":true,"href":"https:\/\/www.toutsurfroment.fr\/VERSION4\/index.php\/wp-json\/wp\/v2\/users\/1"}],"replies":[{"embeddable":true,"href":"https:\/\/www.toutsurfroment.fr\/VERSION4\/index.php\/wp-json\/wp\/v2\/comments?post=2052"}],"version-history":[{"count":1,"href":"https:\/\/www.toutsurfroment.fr\/VERSION4\/index.php\/wp-json\/wp\/v2\/posts\/2052\/revisions"}],"predecessor-version":[{"id":2057,"href":"https:\/\/www.toutsurfroment.fr\/VERSION4\/index.php\/wp-json\/wp\/v2\/posts\/2052\/revisions\/2057"}],"wp:featuredmedia":[{"embeddable":true,"href":"https:\/\/www.toutsurfroment.fr\/VERSION4\/index.php\/wp-json\/wp\/v2\/media\/2058"}],"wp:attachment":[{"href":"https:\/\/www.toutsurfroment.fr\/VERSION4\/index.php\/wp-json\/wp\/v2\/media?parent=2052"}],"wp:term":[{"taxonomy":"category","embeddable":true,"href":"https:\/\/www.toutsurfroment.fr\/VERSION4\/index.php\/wp-json\/wp\/v2\/categories?post=2052"},{"taxonomy":"post_tag","embeddable":true,"href":"https:\/\/www.toutsurfroment.fr\/VERSION4\/index.php\/wp-json\/wp\/v2\/tags?post=2052"}],"curies":[{"name":"wp","href":"https:\/\/api.w.org\/{rel}","templated":true}]}}